{"id":6293,"date":"2012-11-21T01:22:01","date_gmt":"2012-11-21T01:22:01","guid":{"rendered":"http:\/\/preprod.meltem-int.com\/marie\/blog\/?p=6293"},"modified":"2012-11-21T01:22:01","modified_gmt":"2012-11-21T01:22:01","slug":"presentation-de-la-vierge-marie-memoire","status":"publish","type":"post","link":"https:\/\/www.associationdemarie.org\/blog\/presentation-de-la-vierge-marie-memoire\/","title":{"rendered":"Pr\u00e9sentation de la Vierge Marie &#8211; M\u00e9moire"},"content":{"rendered":"<p><a href=\"https:\/\/www.associationdemarie.org\/blog\/wp-content\/uploads\/2012\/11\/UCCELLO_Paolo_Marys_Presentation_In_The_Temple.jpg\"><img loading=\"lazy\" decoding=\"async\" class=\"aligncenter size-medium wp-image-6294\" title=\"UCCELLO_Paolo_Marys_Presentation_In_The_Temple\" src=\"https:\/\/www.associationdemarie.org\/blog\/wp-content\/uploads\/2012\/11\/UCCELLO_Paolo_Marys_Presentation_In_The_Temple-300x232.jpg\" alt=\"\" width=\"300\" height=\"232\" srcset=\"https:\/\/www.associationdemarie.org\/blog\/wp-content\/uploads\/2012\/11\/UCCELLO_Paolo_Marys_Presentation_In_The_Temple-300x232.jpg 300w, https:\/\/www.associationdemarie.org\/blog\/wp-content\/uploads\/2012\/11\/UCCELLO_Paolo_Marys_Presentation_In_The_Temple.jpg 1000w\" sizes=\"auto, (max-width: 300px) 100vw, 300px\" \/><\/a><\/p>\n<p>Les parents qui aiment Dieu lui ont, de tout temps, consacr\u00e9 leurs enfants, avant et apr\u00e8s leur naissance. Parmi les Juifs, existait de plus l&rsquo;usage de consacrer quelques fois \u00e0 Dieu les enfants en bas \u00e2ge ; on les amenait au Temple, o\u00f9 avait lieu la c\u00e9r\u00e9monie de la cons\u00e9cration, puis ils habitaient dans les d\u00e9pendances du Temple et servaient les pr\u00eatres et les l\u00e9vites dans leurs fonctions. Nous avons des exemples de cette cons\u00e9cration sp\u00e9ciale dans la personne de Samuel et de quelques autres saints personnages. Il y avait aussi des appartements pour les femmes d\u00e9vou\u00e9es au service divin.<\/p>\n<p>L&rsquo;\u00e9vangile ne nous apprend rien de l&rsquo;enfance de Marie ; son titre de M\u00e8re de Dieu efface tout le reste. Mais la tradition est plus explicite ; elle nous apprend que la Sainte Vierge, dans son enfance, fut solennellement offerte \u00e0 Dieu dans son temple. Cette pr\u00e9sentation est le sujet de la f\u00eate qu&rsquo;on c\u00e9l\u00e8bre aujourd&rsquo;hui. O\u00f9 mieux que loin du monde, dans l&rsquo;enceinte du temple, Marie se f\u00fbt-elle pr\u00e9par\u00e9e \u00e0 sa mission ? Douze ann\u00e9es de recueillement, de pri\u00e8re, de contemplation, telle fut la pr\u00e9paration de l&rsquo;\u00e9lue de Dieu.<\/p>\n<p>Voici, d&rsquo;apr\u00e8s saint J\u00e9r\u00f4me, comment se divisait la journ\u00e9e de Marie au temple : depuis l&rsquo;aurore jusqu&rsquo;\u00e0 9 heures du matin, Elle priait ; de 9 heures \u00e0 3 heures elle s&rsquo;appliquait au travail des mains ; ensuite elle se remettait \u00e0 la pri\u00e8re, jusqu&rsquo;au moment o\u00f9 arrivait sa nourriture. Marie, au jour de sa pr\u00e9sentation, nous appara\u00eet comme le porte-\u00e9tendard de la virginit\u00e9 chr\u00e9tienne. Apr\u00e8s elles, viendront des l\u00e9gions innombrables de vierges consacr\u00e9es au Seigneur, dans le monde ou \u00e0 l&rsquo;ombre des autels ; Marie sera leur \u00e9ternel mod\u00e8le, leur patronne d\u00e9vou\u00e9e, leur guide s\u00fbr dans les voies de la perfection.<br \/>\n<em>\u00a9Evangelizo.org<\/em><\/p>\n<p><span style=\"color: #ffffff;\">.<\/span><\/p>\n<p><span style=\"color: #ffffff;\">.<\/span><\/p>\n","protected":false},"excerpt":{"rendered":"<p>Les parents qui aiment Dieu lui ont, de tout temps, consacr\u00e9 leurs enfants, avant et apr\u00e8s leur naissance. Parmi les Juifs, existait de plus l&rsquo;usage de consacrer quelques fois \u00e0 Dieu les enfants en bas \u00e2ge ; on les amenait au Temple, o\u00f9 avait lieu la c\u00e9r\u00e9monie de la cons\u00e9cration, puis ils habitaient dans les [&hellip;]<\/p>\n","protected":false},"author":2,"featured_media":0,"comment_status":"closed","ping_status":"closed","sticky":false,"template":"","format":"standard","meta":{"footnotes":""},"categories":[3,4,13,15,28],"tags":[636,1048,1086,1130],"class_list":["post-6293","post","type-post","status-publish","format-standard","hentry","category-liturgique","category-iconographie","category-ecritures","category-histoire","category-saints-et-saintes","tag-marie","tag-st-joachim","tag-ste-anne","tag-temple"],"_links":{"self":[{"href":"https:\/\/www.associationdemarie.org\/blog\/wp-json\/wp\/v2\/posts\/6293","targetHints":{"allow":["GET"]}}],"collection":[{"href":"https:\/\/www.associationdemarie.org\/blog\/wp-json\/wp\/v2\/posts"}],"about":[{"href":"https:\/\/www.associationdemarie.org\/blog\/wp-json\/wp\/v2\/types\/post"}],"author":[{"embeddable":true,"href":"https:\/\/www.associationdemarie.org\/blog\/wp-json\/wp\/v2\/users\/2"}],"replies":[{"embeddable":true,"href":"https:\/\/www.associationdemarie.org\/blog\/wp-json\/wp\/v2\/comments?post=6293"}],"version-history":[{"count":0,"href":"https:\/\/www.associationdemarie.org\/blog\/wp-json\/wp\/v2\/posts\/6293\/revisions"}],"wp:attachment":[{"href":"https:\/\/www.associationdemarie.org\/blog\/wp-json\/wp\/v2\/media?parent=6293"}],"wp:term":[{"taxonomy":"category","embeddable":true,"href":"https:\/\/www.associationdemarie.org\/blog\/wp-json\/wp\/v2\/categories?post=6293"},{"taxonomy":"post_tag","embeddable":true,"href":"https:\/\/www.associationdemarie.org\/blog\/wp-json\/wp\/v2\/tags?post=6293"}],"curies":[{"name":"wp","href":"https:\/\/api.w.org\/{rel}","templated":true}]}}