{"id":6277,"date":"2012-11-18T01:04:30","date_gmt":"2012-11-18T01:04:30","guid":{"rendered":"http:\/\/preprod.meltem-int.com\/marie\/blog\/?p=6277"},"modified":"2012-11-18T01:04:30","modified_gmt":"2012-11-18T01:04:30","slug":"evangile-de-jesus-christ-selon-saint-marc-1324-32","status":"publish","type":"post","link":"https:\/\/www.associationdemarie.org\/blog\/evangile-de-jesus-christ-selon-saint-marc-1324-32\/","title":{"rendered":"\u00c9vangile de J\u00e9sus-Christ selon saint Marc 13,24-32."},"content":{"rendered":"<p><a href=\"https:\/\/www.associationdemarie.org\/blog\/wp-content\/uploads\/2012\/11\/parousie-anges-nuees.jpg\"><img loading=\"lazy\" decoding=\"async\" class=\"aligncenter size-full wp-image-6278\" title=\"parousie-anges-nuees\" src=\"https:\/\/www.associationdemarie.org\/blog\/wp-content\/uploads\/2012\/11\/parousie-anges-nuees.jpg\" alt=\"\" width=\"300\" height=\"381\" srcset=\"https:\/\/www.associationdemarie.org\/blog\/wp-content\/uploads\/2012\/11\/parousie-anges-nuees.jpg 300w, https:\/\/www.associationdemarie.org\/blog\/wp-content\/uploads\/2012\/11\/parousie-anges-nuees-236x300.jpg 236w\" sizes=\"auto, (max-width: 300px) 100vw, 300px\" \/><\/a><\/p>\n<p><span>J<\/span>\u00e9sus parlait \u00e0 ses disciples de sa venue\u00a0: \u00ab\u00a0En ces temps-l\u00e0, apr\u00e8s une terrible d\u00e9tresse, le soleil s&rsquo;obscurcira et la lune perdra son \u00e9clat.<br \/>\nLes \u00e9toiles tomberont du ciel, et les puissances c\u00e9lestes seront \u00e9branl\u00e9es.<br \/>\nAlors on verra le Fils de l&rsquo;homme venir sur les nu\u00e9es avec grande puissance et grande gloire.<br \/>\nIl enverra les anges pour rassembler les \u00e9lus des quatre coins du monde, de l&rsquo;extr\u00e9mit\u00e9 de la terre \u00e0 l&rsquo;extr\u00e9mit\u00e9 du ciel.<br \/>\nQue la comparaison du figuier vous instruise\u00a0: D\u00e8s que ses branches deviennent tendres et que sortent les feuilles, vous savez que l&rsquo;\u00e9t\u00e9 est proche.<br \/>\nDe m\u00eame, vous aussi, lorsque vous verrez arriver cela, sachez que le Fils de l&rsquo;homme est proche, \u00e0 votre porte.<br \/>\nAmen, je vous le dis\u00a0: cette g\u00e9n\u00e9ration ne passera pas avant que tout cela n&rsquo;arrive.<br \/>\nLe ciel et la terre passeront, mes paroles ne passeront pas.<br \/>\nQuant au jour et \u00e0 l&rsquo;heure, nul ne les conna\u00eet, pas m\u00eame les anges dans le ciel, pas m\u00eame le Fils, mais seulement le P\u00e8re.<\/p>\n<p><span style=\"color: #ffffff;\">.<\/span><\/p>\n<p><span style=\"color: #ffffff;\">.<\/span><\/p>\n","protected":false},"excerpt":{"rendered":"<p>J\u00e9sus parlait \u00e0 ses disciples de sa venue\u00a0: \u00ab\u00a0En ces temps-l\u00e0, apr\u00e8s une terrible d\u00e9tresse, le soleil s&rsquo;obscurcira et la lune perdra son \u00e9clat. Les \u00e9toiles tomberont du ciel, et les puissances c\u00e9lestes seront \u00e9branl\u00e9es. Alors on verra le Fils de l&rsquo;homme venir sur les nu\u00e9es avec grande puissance et grande gloire. Il enverra les [&hellip;]<\/p>\n","protected":false},"author":2,"featured_media":0,"comment_status":"closed","ping_status":"closed","sticky":false,"template":"","format":"standard","meta":{"footnotes":""},"categories":[3,13,15,28],"tags":[1382,535,775,1057],"class_list":["post-6277","post","type-post","status-publish","format-standard","hentry","category-liturgique","category-ecritures","category-histoire","category-saints-et-saintes","tag-ecritures","tag-jesus","tag-parousie","tag-st-marc"],"_links":{"self":[{"href":"https:\/\/www.associationdemarie.org\/blog\/wp-json\/wp\/v2\/posts\/6277","targetHints":{"allow":["GET"]}}],"collection":[{"href":"https:\/\/www.associationdemarie.org\/blog\/wp-json\/wp\/v2\/posts"}],"about":[{"href":"https:\/\/www.associationdemarie.org\/blog\/wp-json\/wp\/v2\/types\/post"}],"author":[{"embeddable":true,"href":"https:\/\/www.associationdemarie.org\/blog\/wp-json\/wp\/v2\/users\/2"}],"replies":[{"embeddable":true,"href":"https:\/\/www.associationdemarie.org\/blog\/wp-json\/wp\/v2\/comments?post=6277"}],"version-history":[{"count":0,"href":"https:\/\/www.associationdemarie.org\/blog\/wp-json\/wp\/v2\/posts\/6277\/revisions"}],"wp:attachment":[{"href":"https:\/\/www.associationdemarie.org\/blog\/wp-json\/wp\/v2\/media?parent=6277"}],"wp:term":[{"taxonomy":"category","embeddable":true,"href":"https:\/\/www.associationdemarie.org\/blog\/wp-json\/wp\/v2\/categories?post=6277"},{"taxonomy":"post_tag","embeddable":true,"href":"https:\/\/www.associationdemarie.org\/blog\/wp-json\/wp\/v2\/tags?post=6277"}],"curies":[{"name":"wp","href":"https:\/\/api.w.org\/{rel}","templated":true}]}}