{"id":6260,"date":"2012-11-16T01:32:54","date_gmt":"2012-11-16T01:32:54","guid":{"rendered":"http:\/\/preprod.meltem-int.com\/marie\/blog\/?p=6260"},"modified":"2012-11-16T01:32:54","modified_gmt":"2012-11-16T01:32:54","slug":"mes-enfants-2","status":"publish","type":"post","link":"https:\/\/www.associationdemarie.org\/blog\/mes-enfants-2\/","title":{"rendered":"Mes enfants,"},"content":{"rendered":"<p style=\"text-align: center;\"><a href=\"https:\/\/www.associationdemarie.org\/blog\/wp-content\/uploads\/2012\/11\/Marie-M\u00e8re-des-hommes.jpg\"><img loading=\"lazy\" decoding=\"async\" class=\"size-full wp-image-6263 aligncenter\" title=\"Marie-M\u00e8re-des-hommes\" src=\"https:\/\/www.associationdemarie.org\/blog\/wp-content\/uploads\/2012\/11\/Marie-M\u00e8re-des-hommes.jpg\" alt=\"\" width=\"340\" height=\"360\" srcset=\"https:\/\/www.associationdemarie.org\/blog\/wp-content\/uploads\/2012\/11\/Marie-M\u00e8re-des-hommes.jpg 340w, https:\/\/www.associationdemarie.org\/blog\/wp-content\/uploads\/2012\/11\/Marie-M\u00e8re-des-hommes-283x300.jpg 283w\" sizes=\"auto, (max-width: 340px) 100vw, 340px\" \/><\/a><\/p>\n<p>Je suis pr\u00e9sente en ce jour afin de vous accompagner sur le chemin de la vie, sur le chemin de l\u2019\u00e9ternit\u00e9, sur le chemin du pardon, de la compassion et de la reconnaissance de mon Fils.\u00a0Je suis Marie M\u00e8re des hommes, amour en toutes personnes. Je suis pr\u00e9sente en chaque occasion afin que vos pri\u00e8res soient entendues et exauc\u00e9es. Nous arriverons \u00e0 une p\u00e9riode de reconnaissance des enfants de Dieu pour mon Fils. Nous arriverons \u00e0 une p\u00e9riode o\u00f9 s\u2019afficheront les bons et les mauvais. Soyez s\u00fbrs que dans votre contemplation, dans votre amour, vous serez sauv\u00e9s. Soyez s\u00fbrs que si vous voulez vous \u00e9carter, il ne vous sera rien fait, sauf refus de votre erreur. Soyez s\u00fbrs, tous, que nous partageons vos souffrances, vos douleurs, votre incompr\u00e9hension et peut \u00eatre parfois votre compr\u00e9hension trop forte. Sachez simplement que nous sommes \u00e0 c\u00f4t\u00e9 de vous, et il n\u2019est pas dur de nous parler car nous sommes pr\u00e9sents \u00e0 c\u00f4t\u00e9 de vous, tous les jours, sans exception. Appelez et nous r\u00e9pondrons. Il est s\u00fbr qu\u2019il n\u2019est pas \u00e9vident pour quelqu\u2019un qui ne croit que b\u00e9atement sur certain moment, de croire tout le temps. Mais sachez que celui qui croit, sera amour au sein de la divine population prochaine. Soyez s\u00fbr que mon Fils saura pardonner et accepter.<\/p>\n<div>\u00a0Marie M\u00e8re des hommes &#8211; ao\u00fbt 2012<\/div>\n<div><span style=\"color: #ffffff;\">.<\/span><\/div>\n<div><span style=\"color: #ffffff;\">.<\/span><\/div>\n","protected":false},"excerpt":{"rendered":"<p>Je suis pr\u00e9sente en ce jour afin de vous accompagner sur le chemin de la vie, sur le chemin de l\u2019\u00e9ternit\u00e9, sur le chemin du pardon, de la compassion et de la reconnaissance de mon Fils.\u00a0Je suis Marie M\u00e8re des hommes, amour en toutes personnes. Je suis pr\u00e9sente en chaque occasion afin que vos pri\u00e8res [&hellip;]<\/p>\n","protected":false},"author":2,"featured_media":0,"comment_status":"closed","ping_status":"closed","sticky":false,"template":"","format":"standard","meta":{"footnotes":""},"categories":[5,17,19,27],"tags":[210,253,382,413,640,678,830,1184],"class_list":["post-6260","post","type-post","status-publish","format-standard","hentry","category-bulletin","category-maison-de-marie-dardouane","category-messages","category-prieres","tag-chemin","tag-connaissance","tag-eternite","tag-fils","tag-marie-mere-des-hommes","tag-misericorde","tag-priere","tag-vie"],"_links":{"self":[{"href":"https:\/\/www.associationdemarie.org\/blog\/wp-json\/wp\/v2\/posts\/6260","targetHints":{"allow":["GET"]}}],"collection":[{"href":"https:\/\/www.associationdemarie.org\/blog\/wp-json\/wp\/v2\/posts"}],"about":[{"href":"https:\/\/www.associationdemarie.org\/blog\/wp-json\/wp\/v2\/types\/post"}],"author":[{"embeddable":true,"href":"https:\/\/www.associationdemarie.org\/blog\/wp-json\/wp\/v2\/users\/2"}],"replies":[{"embeddable":true,"href":"https:\/\/www.associationdemarie.org\/blog\/wp-json\/wp\/v2\/comments?post=6260"}],"version-history":[{"count":0,"href":"https:\/\/www.associationdemarie.org\/blog\/wp-json\/wp\/v2\/posts\/6260\/revisions"}],"wp:attachment":[{"href":"https:\/\/www.associationdemarie.org\/blog\/wp-json\/wp\/v2\/media?parent=6260"}],"wp:term":[{"taxonomy":"category","embeddable":true,"href":"https:\/\/www.associationdemarie.org\/blog\/wp-json\/wp\/v2\/categories?post=6260"},{"taxonomy":"post_tag","embeddable":true,"href":"https:\/\/www.associationdemarie.org\/blog\/wp-json\/wp\/v2\/tags?post=6260"}],"curies":[{"name":"wp","href":"https:\/\/api.w.org\/{rel}","templated":true}]}}