{"id":6208,"date":"2012-11-08T01:13:46","date_gmt":"2012-11-08T01:13:46","guid":{"rendered":"http:\/\/preprod.meltem-int.com\/marie\/blog\/?p=6208"},"modified":"2012-11-08T01:13:46","modified_gmt":"2012-11-08T01:13:46","slug":"rejouissez-vous-avec-moi-car-jai-retrouve-ma-brebis-celle-qui-etait-perdue","status":"publish","type":"post","link":"https:\/\/www.associationdemarie.org\/blog\/rejouissez-vous-avec-moi-car-jai-retrouve-ma-brebis-celle-qui-etait-perdue\/","title":{"rendered":"\u00ab R\u00e9jouissez-vous avec moi, car j&rsquo;ai retrouv\u00e9 ma brebis, celle qui \u00e9tait perdue ! \u00bb"},"content":{"rendered":"<p style=\"text-align: center;\">\u00a0 \u00a0 \u00a0<a href=\"https:\/\/www.associationdemarie.org\/blog\/wp-content\/uploads\/2012\/11\/le-Bon-Pasteur.jpg\"><img loading=\"lazy\" decoding=\"async\" class=\"size-full wp-image-6209 aligncenter\" title=\"le Bon Pasteur\" src=\"https:\/\/www.associationdemarie.org\/blog\/wp-content\/uploads\/2012\/11\/le-Bon-Pasteur.jpg\" alt=\"\" width=\"374\" height=\"458\" srcset=\"https:\/\/www.associationdemarie.org\/blog\/wp-content\/uploads\/2012\/11\/le-Bon-Pasteur.jpg 374w, https:\/\/www.associationdemarie.org\/blog\/wp-content\/uploads\/2012\/11\/le-Bon-Pasteur-244x300.jpg 244w\" sizes=\"auto, (max-width: 374px) 100vw, 374px\" \/><\/a><\/p>\n<p style=\"text-align: left;\">Cet homme qui poss\u00e8de cent brebis est le bon pasteur (Jn 10,11), le Christ, le pasteur mis\u00e9ricordieux qui avait \u00e9tabli tout le troupeau de la race humaine en une seule brebis, c&rsquo;est-\u00e0-dire en Adam. Il avait plac\u00e9 la brebis dans le Paradis enchanteur et dans la r\u00e9gion des p\u00e2turages de vie. Mais elle, se fiant aux hurlements des loups, a oubli\u00e9 la voix du berger\u00a0; elle a perdu le chemin qui conduit au bercail du salut et s&rsquo;est trouv\u00e9e toute couverte de blessures mortelles. Le Christ est venu dans le monde chercher la brebis et l&rsquo;a retrouv\u00e9e dans le sein de la Vierge. Il est venu, il est n\u00e9 dans la chair, il a plac\u00e9 la brebis sur la croix, et l&rsquo;a prise sur les \u00e9paules de sa Passion. Puis, tout rempli de la joie de la r\u00e9surrection, il l&rsquo;a \u00e9lev\u00e9e, par son Ascension, jusqu&rsquo;\u00e0 la demeure du ciel.<\/p>\n<p>\u00ab\u00a0Il r\u00e9unit ses amis et ses voisins\u00a0\u00bb, c&rsquo;est-\u00e0-dire les anges, \u00ab\u00a0et il leur dit\u00a0: &lsquo; R\u00e9jouissez-vous avec moi, car j&rsquo;ai retrouv\u00e9 ma brebis, celle qui \u00e9tait perdue &lsquo;\u00a0\u00bb. Les anges jubilent et exultent avec le Christ pour le retour de la brebis du Seigneur. Ils ne s&rsquo;irritent pas de la voir si\u00e9ger devant eux sur le tr\u00f4ne de majest\u00e9. Car l&rsquo;envie n&rsquo;existe plus au ciel dont elle a \u00e9t\u00e9 bannie avec le diable. Gr\u00e2ce \u00e0 l&rsquo;Agneau qui a enlev\u00e9 le p\u00e9ch\u00e9 du monde (Jn 1,29), le p\u00e9ch\u00e9 d&rsquo;envie ne peut plus p\u00e9n\u00e9trer dans les cieux.<\/p>\n<p>Fr\u00e8res, le Christ est venu nous chercher sur la terre\u00a0; cherchons-le dans les cieux. Il nous a emport\u00e9s dans la gloire de sa divinit\u00e9\u00a0; nous, portons-le dans notre corps par la saintet\u00e9 de toute notre vie.<\/p>\n<p>Saint Pierre Chrysologue (v. 406-450), \u00e9v\u00eaque de Ravenne, docteur de l&rsquo;\u00c9glise<br \/>\n<em>Sermon 168, 4-6 ; CCL 24 B, 1032-1034 (trad. Delhougne, Les P\u00e8res commentent, p. 439)<\/em><\/p>\n<p><span style=\"color: #ffffff;\">.<\/span><\/p>\n<p><span style=\"color: #ffffff;\">.<\/span><\/p>\n","protected":false},"excerpt":{"rendered":"<p>\u00a0 \u00a0 \u00a0 Cet homme qui poss\u00e8de cent brebis est le bon pasteur (Jn 10,11), le Christ, le pasteur mis\u00e9ricordieux qui avait \u00e9tabli tout le troupeau de la race humaine en une seule brebis, c&rsquo;est-\u00e0-dire en Adam. Il avait plac\u00e9 la brebis dans le Paradis enchanteur et dans la r\u00e9gion des p\u00e2turages de vie. Mais [&hellip;]<\/p>\n","protected":false},"author":2,"featured_media":0,"comment_status":"closed","ping_status":"closed","sticky":false,"template":"","format":"standard","meta":{"footnotes":""},"categories":[3,13,28],"tags":[46,174,220,295,389,779,1072,1188],"class_list":["post-6208","post","type-post","status-publish","format-standard","hentry","category-liturgique","category-ecritures","category-saints-et-saintes","tag-agneau-de-dieu","tag-brebis","tag-christ","tag-dieu","tag-evangile","tag-pasteur","tag-st-pierre-chrysologue","tag-vierge"],"_links":{"self":[{"href":"https:\/\/www.associationdemarie.org\/blog\/wp-json\/wp\/v2\/posts\/6208","targetHints":{"allow":["GET"]}}],"collection":[{"href":"https:\/\/www.associationdemarie.org\/blog\/wp-json\/wp\/v2\/posts"}],"about":[{"href":"https:\/\/www.associationdemarie.org\/blog\/wp-json\/wp\/v2\/types\/post"}],"author":[{"embeddable":true,"href":"https:\/\/www.associationdemarie.org\/blog\/wp-json\/wp\/v2\/users\/2"}],"replies":[{"embeddable":true,"href":"https:\/\/www.associationdemarie.org\/blog\/wp-json\/wp\/v2\/comments?post=6208"}],"version-history":[{"count":0,"href":"https:\/\/www.associationdemarie.org\/blog\/wp-json\/wp\/v2\/posts\/6208\/revisions"}],"wp:attachment":[{"href":"https:\/\/www.associationdemarie.org\/blog\/wp-json\/wp\/v2\/media?parent=6208"}],"wp:term":[{"taxonomy":"category","embeddable":true,"href":"https:\/\/www.associationdemarie.org\/blog\/wp-json\/wp\/v2\/categories?post=6208"},{"taxonomy":"post_tag","embeddable":true,"href":"https:\/\/www.associationdemarie.org\/blog\/wp-json\/wp\/v2\/tags?post=6208"}],"curies":[{"name":"wp","href":"https:\/\/api.w.org\/{rel}","templated":true}]}}