{"id":6145,"date":"2012-08-19T01:35:36","date_gmt":"2012-08-19T01:35:36","guid":{"rendered":"http:\/\/preprod.meltem-int.com\/marie\/blog\/?p=6145"},"modified":"2012-08-19T01:35:36","modified_gmt":"2012-08-19T01:35:36","slug":"plus-que-du-pain","status":"publish","type":"post","link":"https:\/\/www.associationdemarie.org\/blog\/plus-que-du-pain\/","title":{"rendered":"Plus que du pain&#8230;"},"content":{"rendered":"<p><a href=\"https:\/\/www.associationdemarie.org\/blog\/wp-content\/uploads\/2012\/08\/pain1.jpg\"><img loading=\"lazy\" decoding=\"async\" class=\"alignleft size-full wp-image-6164\" title=\"pain\" src=\"https:\/\/www.associationdemarie.org\/blog\/wp-content\/uploads\/2012\/08\/pain1.jpg\" alt=\"\" width=\"162\" height=\"249\" \/><\/a>C&rsquo;est pour bien davantage qu&rsquo;un peu de pain, destin\u00e9 \u00e0 devenir ordure apr\u00e8s la digestion, que l&rsquo;on doit me suivre. Ce n&rsquo;est pas pour la nourriture qui emplit le ventre, mais pour celle qui nourrit l&rsquo;\u00e2me, car vous n&rsquo;\u00eates pas seulement des animaux qui doivent brouter et ruminer, ou fouiller avec le groin et s&rsquo;engraisser. Mais vous \u00eates des \u00e2mes! C&rsquo;est cela que vous \u00eates! La chair c&rsquo;est le v\u00eatement, l&rsquo;\u00eatre c&rsquo;est l&rsquo;\u00e2me. C&rsquo;est elle qui est immortelle. La chair, comme tout v\u00eatement, s&rsquo;use et finit, et ne m\u00e9rite pas qu&rsquo;on s&rsquo;en occupe comme si c&rsquo;\u00e9tait une perfection \u00e0 laquelle il faut donner tous ses soins. Cherchez donc ce qu&rsquo;il est juste de se procurer, non ce qui est injuste. Cherchez \u00e0 vous procurer non la nourriture qui p\u00e9rit, mais celle qui dure pour la vie \u00e9ternelle. Celle-l\u00e0, le Fils de l&rsquo;homme vous la donnera toujours, quand vous la voudrez. Car le Fils de l&rsquo;homme a \u00e0 sa disposition tout ce qui vient de Dieu et peut vous le donner; Lui est Ma\u00eetre, et Ma\u00eetre magnanime, des tr\u00e9sors de Dieu P\u00e8re qui a imprim\u00e9 sur Lui son sceau pour que les yeux honn\u00eates ne soient pas confondus.<\/p>\n<div>Extrait de la Traduction de \u201cL\u2019\u00e9vangile tel qu\u2019il m\u2019a \u00e9t\u00e9 r\u00e9v\u00e9l\u00e9\u201d de Maria Valtorta \u00a9Centro Editoriale Valtortiano, Italie<\/div>\n<div><span style=\"color: #ffffff;\">.<\/span><\/div>\n<div><span style=\"color: #ffffff;\">.<\/span><\/div>\n","protected":false},"excerpt":{"rendered":"<p>C&rsquo;est pour bien davantage qu&rsquo;un peu de pain, destin\u00e9 \u00e0 devenir ordure apr\u00e8s la digestion, que l&rsquo;on doit me suivre. Ce n&rsquo;est pas pour la nourriture qui emplit le ventre, mais pour celle qui nourrit l&rsquo;\u00e2me, car vous n&rsquo;\u00eates pas seulement des animaux qui doivent brouter et ruminer, ou fouiller avec le groin et s&rsquo;engraisser. [&hellip;]<\/p>\n","protected":false},"author":2,"featured_media":0,"comment_status":"closed","ping_status":"closed","sticky":false,"template":"","format":"standard","meta":{"footnotes":""},"categories":[3,13],"tags":[297,385,634,754,755],"class_list":["post-6145","post","type-post","status-publish","format-standard","hentry","category-liturgique","category-ecritures","tag-dieu-le-pere","tag-eucharistie","tag-maria-valtorta","tag-pain","tag-pain-de-vie"],"_links":{"self":[{"href":"https:\/\/www.associationdemarie.org\/blog\/wp-json\/wp\/v2\/posts\/6145","targetHints":{"allow":["GET"]}}],"collection":[{"href":"https:\/\/www.associationdemarie.org\/blog\/wp-json\/wp\/v2\/posts"}],"about":[{"href":"https:\/\/www.associationdemarie.org\/blog\/wp-json\/wp\/v2\/types\/post"}],"author":[{"embeddable":true,"href":"https:\/\/www.associationdemarie.org\/blog\/wp-json\/wp\/v2\/users\/2"}],"replies":[{"embeddable":true,"href":"https:\/\/www.associationdemarie.org\/blog\/wp-json\/wp\/v2\/comments?post=6145"}],"version-history":[{"count":0,"href":"https:\/\/www.associationdemarie.org\/blog\/wp-json\/wp\/v2\/posts\/6145\/revisions"}],"wp:attachment":[{"href":"https:\/\/www.associationdemarie.org\/blog\/wp-json\/wp\/v2\/media?parent=6145"}],"wp:term":[{"taxonomy":"category","embeddable":true,"href":"https:\/\/www.associationdemarie.org\/blog\/wp-json\/wp\/v2\/categories?post=6145"},{"taxonomy":"post_tag","embeddable":true,"href":"https:\/\/www.associationdemarie.org\/blog\/wp-json\/wp\/v2\/tags?post=6145"}],"curies":[{"name":"wp","href":"https:\/\/api.w.org\/{rel}","templated":true}]}}