{"id":6137,"date":"2012-08-16T01:27:56","date_gmt":"2012-08-16T01:27:56","guid":{"rendered":"http:\/\/preprod.meltem-int.com\/marie\/blog\/?p=6137"},"modified":"2012-08-16T01:27:56","modified_gmt":"2012-08-16T01:27:56","slug":"saint-roch-pelerin-1295-1327","status":"publish","type":"post","link":"https:\/\/www.associationdemarie.org\/blog\/saint-roch-pelerin-1295-1327\/","title":{"rendered":"SAINT ROCH P\u00e8lerin  (1295-1327)"},"content":{"rendered":"<p><a href=\"https:\/\/www.associationdemarie.org\/blog\/wp-content\/uploads\/2012\/08\/bartolomeovivarini_strochandtheangel.jpg\"><img loading=\"lazy\" decoding=\"async\" class=\"alignright size-medium wp-image-6138\" title=\"bartolomeovivarini_strochandtheangel\" src=\"https:\/\/www.associationdemarie.org\/blog\/wp-content\/uploads\/2012\/08\/bartolomeovivarini_strochandtheangel-137x300.jpg\" alt=\"\" width=\"137\" height=\"300\" srcset=\"https:\/\/www.associationdemarie.org\/blog\/wp-content\/uploads\/2012\/08\/bartolomeovivarini_strochandtheangel-137x300.jpg 137w, https:\/\/www.associationdemarie.org\/blog\/wp-content\/uploads\/2012\/08\/bartolomeovivarini_strochandtheangel-467x1024.jpg 467w, https:\/\/www.associationdemarie.org\/blog\/wp-content\/uploads\/2012\/08\/bartolomeovivarini_strochandtheangel.jpg 650w\" sizes=\"auto, (max-width: 137px) 100vw, 137px\" \/><\/a>Saint Roch \u00e9tait fils d&rsquo;un gouverneur de Montpellier\u00a0; ses pieux parents, d\u00e9j\u00e0 avanc\u00e9s en \u00e2ge, obtinrent sa naissance par leurs pers\u00e9v\u00e9rantes pri\u00e8res, se promettant de donner \u00e0 Dieu l&rsquo;enfant qu&rsquo;il leur accorderait. Cet enfant du miracle naquit avec une croix rouge sur la poitrine, gage d&rsquo;une toute particuli\u00e8re pr\u00e9destination. D\u00e8s l&rsquo;\u00e2ge de cinq ans, il commen\u00e7ait \u00e0 ch\u00e2tier son petit corps par des privations\u00a0; il se signala, en grandissant, par une gr\u00e2ce sp\u00e9ciale d&rsquo;hospitalit\u00e9 envers les pauvres et les voyageurs.<\/p>\n<p>Il n&rsquo;avait pas vingt ans, quand il eut la douleur de perdre successivement son p\u00e8re et sa m\u00e8re. Aussit\u00f4t, il vendit ses biens, se fit pauvre du Christ, \u00e0 l&rsquo;exemple de saint Fran\u00e7ois d&rsquo;Assise, entra dans le Tiers Ordre, et v\u00eatu en p\u00e8lerin, il prit le chemin de Rome, en demandant l&rsquo;aum\u00f4ne. La peste s\u00e9vissait en Italie sur son passage\u00a0; il se d\u00e9voua au soin des pauvres pestif\u00e9r\u00e9s\u00a0; passant devant leurs lits, il prenait leurs mains, leur faisait faire le signe de la Croix, et tous se levaient gu\u00e9ris. \u00c0 Rome, les miracles se multipli\u00e8rent sous ses pas\u00a0; il y v\u00e9cut trois ans sans faire conna\u00eetre son nom et son origine, m\u00eame au Pape.<\/p>\n<p>En retournant dans son pays, il fut saisi par la peste et se retira mourant dans une cabane, au bord d&rsquo;une for\u00eat, o\u00f9 un chien lui apportait chaque jour un petit pain. Gu\u00e9ri par l&rsquo;intervention du Ciel, il reparut \u00e0 Montpellier comme un \u00e9tranger, m\u00e9connu par le gouverneur, son oncle, et jet\u00e9 en prison comme espion\u00a0; l\u00e0, au bout de cinq ans, il mourut \u00e9tendu \u00e0 terre, muni des sacrements. On le reconnut \u00e0 la croix rouge marqu\u00e9e sur sa poitrine. Ses obs\u00e8ques furent un triomphe. Son culte est devenu et demeure populaire dans toute l&rsquo;\u00c9glise. Cette courte notice fait deviner l&rsquo;origine de l&rsquo;expression si connue\u00a0: Saint Roch et son chien.<\/p>\n<p><span style=\"color: #ffffff;\">.<\/span><br \/>\n<em>Abb\u00e9 L. Jaud, Vie des Saints pour tous les jours de l&rsquo;ann\u00e9e, Tours, Mame, 1950.<\/em><\/p>\n<p>&nbsp;<\/p>\n","protected":false},"excerpt":{"rendered":"<p>Saint Roch \u00e9tait fils d&rsquo;un gouverneur de Montpellier\u00a0; ses pieux parents, d\u00e9j\u00e0 avanc\u00e9s en \u00e2ge, obtinrent sa naissance par leurs pers\u00e9v\u00e9rantes pri\u00e8res, se promettant de donner \u00e0 Dieu l&rsquo;enfant qu&rsquo;il leur accorderait. Cet enfant du miracle naquit avec une croix rouge sur la poitrine, gage d&rsquo;une toute particuli\u00e8re pr\u00e9destination. D\u00e8s l&rsquo;\u00e2ge de cinq ans, il [&hellip;]<\/p>\n","protected":false},"author":2,"featured_media":0,"comment_status":"closed","ping_status":"closed","sticky":false,"template":"","format":"standard","meta":{"footnotes":""},"categories":[2,3,4,15,28],"tags":[215,694,788,830,1076],"class_list":["post-6137","post","type-post","status-publish","format-standard","hentry","category-actualites","category-liturgique","category-iconographie","category-histoire","category-saints-et-saintes","tag-chien","tag-montpellier","tag-pelerin","tag-priere","tag-st-roch"],"_links":{"self":[{"href":"https:\/\/www.associationdemarie.org\/blog\/wp-json\/wp\/v2\/posts\/6137","targetHints":{"allow":["GET"]}}],"collection":[{"href":"https:\/\/www.associationdemarie.org\/blog\/wp-json\/wp\/v2\/posts"}],"about":[{"href":"https:\/\/www.associationdemarie.org\/blog\/wp-json\/wp\/v2\/types\/post"}],"author":[{"embeddable":true,"href":"https:\/\/www.associationdemarie.org\/blog\/wp-json\/wp\/v2\/users\/2"}],"replies":[{"embeddable":true,"href":"https:\/\/www.associationdemarie.org\/blog\/wp-json\/wp\/v2\/comments?post=6137"}],"version-history":[{"count":0,"href":"https:\/\/www.associationdemarie.org\/blog\/wp-json\/wp\/v2\/posts\/6137\/revisions"}],"wp:attachment":[{"href":"https:\/\/www.associationdemarie.org\/blog\/wp-json\/wp\/v2\/media?parent=6137"}],"wp:term":[{"taxonomy":"category","embeddable":true,"href":"https:\/\/www.associationdemarie.org\/blog\/wp-json\/wp\/v2\/categories?post=6137"},{"taxonomy":"post_tag","embeddable":true,"href":"https:\/\/www.associationdemarie.org\/blog\/wp-json\/wp\/v2\/tags?post=6137"}],"curies":[{"name":"wp","href":"https:\/\/api.w.org\/{rel}","templated":true}]}}