{"id":6070,"date":"2012-08-06T01:47:08","date_gmt":"2012-08-06T01:47:08","guid":{"rendered":"http:\/\/preprod.meltem-int.com\/marie\/blog\/?p=6070"},"modified":"2012-08-06T01:47:08","modified_gmt":"2012-08-06T01:47:08","slug":"fete-de-la-transfiguration-du-seigneur","status":"publish","type":"post","link":"https:\/\/www.associationdemarie.org\/blog\/fete-de-la-transfiguration-du-seigneur\/","title":{"rendered":"F\u00eate de la Transfiguration du Seigneur"},"content":{"rendered":"<p><strong>\u00c9vangile de J\u00e9sus-Christ selon saint Marc\u00a0<span dir=\"ltr\">9,2-10.<\/span> <\/strong><\/p>\n<p><strong><\/strong><br \/>\n<span>J<\/span>\u00e9sus prend avec lui Pierre, Jacques et Jean, et les emm\u00e8ne, eux seuls, \u00e0 l&rsquo;\u00e9cart sur une haute montagne. Et il fut transfigur\u00e9 devant eux.<br \/>\nSes v\u00eatements devinrent resplendissants, d&rsquo;une blancheur telle que personne sur terre ne peut obtenir une blancheur pareille.<br \/>\n\u00c9lie leur apparut avec Mo\u00efse, et ils s&rsquo;entretenaient avec J\u00e9sus.<br \/>\nPierre alors prend la parole et dit \u00e0 J\u00e9sus\u00a0: \u00ab\u00a0Rabbi, il est heureux que nous soyons ici\u00a0! Dressons donc trois tentes\u00a0: une pour toi, une pour Mo\u00efse et une pour \u00c9lie.\u00a0\u00bb<br \/>\nDe fait, il ne savait que dire, tant \u00e9tait grande leur frayeur.<br \/>\nSurvint une nu\u00e9e qui les couvrit de son ombre, et de la nu\u00e9e une voix se fit entendre\u00a0: \u00ab\u00a0Celui-ci est mon Fils bien-aim\u00e9. \u00c9coutez-le.\u00a0\u00bb<br \/>\nSoudain, regardant tout autour, ils ne virent plus que J\u00e9sus seul avec eux.<br \/>\nEn descendant de la montagne, J\u00e9sus leur d\u00e9fendit de raconter \u00e0 personne ce qu&rsquo;ils avaient vu, avant que le Fils de l&rsquo;homme soit ressuscit\u00e9 d&rsquo;entre les morts.<br \/>\nEt ils rest\u00e8rent fermement attach\u00e9s \u00e0 cette consigne, tout en se demandant entre eux ce que voulait dire\u00a0: \u00ab\u00a0ressusciter d&rsquo;entre les morts\u00a0\u00bb.<\/p>\n<p><a href=\"https:\/\/www.associationdemarie.org\/blog\/wp-content\/uploads\/2012\/07\/the-transfiguration.jpg\"><img loading=\"lazy\" decoding=\"async\" class=\"aligncenter size-full wp-image-6071\" title=\"the-transfiguration\" src=\"https:\/\/www.associationdemarie.org\/blog\/wp-content\/uploads\/2012\/07\/the-transfiguration.jpg\" alt=\"\" width=\"534\" height=\"396\" srcset=\"https:\/\/www.associationdemarie.org\/blog\/wp-content\/uploads\/2012\/07\/the-transfiguration.jpg 534w, https:\/\/www.associationdemarie.org\/blog\/wp-content\/uploads\/2012\/07\/the-transfiguration-300x222.jpg 300w\" sizes=\"auto, (max-width: 534px) 100vw, 534px\" \/><\/a><\/p>\n<p><strong>\u00ab\u00a0Son visage resplendit comme le soleil\u00a0\u00bb (Mt 17,2)<\/strong><\/p>\n<p>Quoi d&rsquo;\u00e9tonnant que le visage de J\u00e9sus soit devenu comme le soleil, puisqu&rsquo;il \u00e9tait lui-m\u00eame le soleil ? Il \u00e9tait le soleil, mais cach\u00e9 derri\u00e8re un nuage. Maintenant le nuage s&rsquo;\u00e9carte, et il resplendit pour un instant. Quel est ce nuage qui s&rsquo;\u00e9carte ? Ce n&rsquo;est pas la chair elle-m\u00eame, mais la faiblesse de la chair qui dispara\u00eet un moment.<\/p>\n<p>Ce nuage, c&rsquo;est celui dont parle le proph\u00e8te : \u00ab Voici que le Seigneur montera sur une nu\u00e9e l\u00e9g\u00e8re \u00bb (Is 19,1) : nu\u00e9e de la chair qui couvre la divinit\u00e9, l\u00e9g\u00e8re car cette chair ne porte en elle-m\u00eame rien de mal ; nu\u00e9e qui dissimule la splendeur divine, l\u00e9g\u00e8re car elle doit s&rsquo;\u00e9lever jusqu&rsquo;\u00e0 la splendeur \u00e9ternelle. C&rsquo;est le nuage dont il est dit dans le Cantique des Cantiques : \u00ab Je me suis assise \u00e0 l&rsquo;ombre de celui que je d\u00e9sire \u00bb (Ct 2,3). Nuage l\u00e9ger car cette chair est celle de \u00ab l&rsquo;Agneau qui enl\u00e8ve les p\u00e9ch\u00e9s du monde \u00bb (Jn 1,29) ; et une fois ceux-ci enlev\u00e9s, le monde est \u00e9lev\u00e9 dans les hauteurs des cieux, d\u00e9lest\u00e9 du poids de tous ses p\u00e9ch\u00e9s.<\/p>\n<p>Le soleil voil\u00e9 par cette chair n&rsquo;est pas \u00ab celui qui se l\u00e8ve pour les bons et les m\u00e9chants \u00bb (Mt 5,45), mais \u00ab le Soleil de justice \u00bb (Ml 3,20) qui se l\u00e8ve seulement pour ceux qui craignent Dieu. Habituellement voil\u00e9e par le nuage de la chair, cette \u00ab lumi\u00e8re qui \u00e9claire tous les hommes \u00bb (Jn 1,9) brille aujourd&rsquo;hui de tout son \u00e9clat. Aujourd&rsquo;hui elle glorifie cette m\u00eame chair ; elle la montre d\u00e9ifi\u00e9e aux ap\u00f4tres, pour que les ap\u00f4tres la r\u00e9v\u00e8lent au monde.<\/p>\n<p>Pierre le V\u00e9n\u00e9rable (1092-1156), abb\u00e9 de Cluny<\/p>\n<p><span style=\"color: #ffffff;\"><span style=\"color: #000000;\"><em>Sermon 1 pour la Transfiguration ; PL 189, 959 (trad. cf Gr\u00e2ce de la Transfiguration, Bellefontaine 1990, coll. Vie monastique, n\u00b024, p. 149)<\/em><\/span><\/span><span style=\"color: #000000;\">.<\/span><\/p>\n<p><span style=\"color: #ffffff;\">.<\/span><span style=\"color: #000000;\"><\/span><\/p>\n","protected":false},"excerpt":{"rendered":"<p>\u00c9vangile de J\u00e9sus-Christ selon saint Marc\u00a09,2-10. J\u00e9sus prend avec lui Pierre, Jacques et Jean, et les emm\u00e8ne, eux seuls, \u00e0 l&rsquo;\u00e9cart sur une haute montagne. Et il fut transfigur\u00e9 devant eux. Ses v\u00eatements devinrent resplendissants, d&rsquo;une blancheur telle que personne sur terre ne peut obtenir une blancheur pareille. \u00c9lie leur apparut avec Mo\u00efse, et ils [&hellip;]<\/p>\n","protected":false},"author":2,"featured_media":0,"comment_status":"closed","ping_status":"closed","sticky":false,"template":"","format":"standard","meta":{"footnotes":""},"categories":[3,13],"tags":[83,1382,535,1149],"class_list":["post-6070","post","type-post","status-publish","format-standard","hentry","category-liturgique","category-ecritures","tag-apotre","tag-ecritures","tag-jesus","tag-transfiguration"],"_links":{"self":[{"href":"https:\/\/www.associationdemarie.org\/blog\/wp-json\/wp\/v2\/posts\/6070","targetHints":{"allow":["GET"]}}],"collection":[{"href":"https:\/\/www.associationdemarie.org\/blog\/wp-json\/wp\/v2\/posts"}],"about":[{"href":"https:\/\/www.associationdemarie.org\/blog\/wp-json\/wp\/v2\/types\/post"}],"author":[{"embeddable":true,"href":"https:\/\/www.associationdemarie.org\/blog\/wp-json\/wp\/v2\/users\/2"}],"replies":[{"embeddable":true,"href":"https:\/\/www.associationdemarie.org\/blog\/wp-json\/wp\/v2\/comments?post=6070"}],"version-history":[{"count":0,"href":"https:\/\/www.associationdemarie.org\/blog\/wp-json\/wp\/v2\/posts\/6070\/revisions"}],"wp:attachment":[{"href":"https:\/\/www.associationdemarie.org\/blog\/wp-json\/wp\/v2\/media?parent=6070"}],"wp:term":[{"taxonomy":"category","embeddable":true,"href":"https:\/\/www.associationdemarie.org\/blog\/wp-json\/wp\/v2\/categories?post=6070"},{"taxonomy":"post_tag","embeddable":true,"href":"https:\/\/www.associationdemarie.org\/blog\/wp-json\/wp\/v2\/tags?post=6070"}],"curies":[{"name":"wp","href":"https:\/\/api.w.org\/{rel}","templated":true}]}}