{"id":6062,"date":"2012-08-05T01:10:49","date_gmt":"2012-08-05T01:10:49","guid":{"rendered":"http:\/\/preprod.meltem-int.com\/marie\/blog\/?p=6062"},"modified":"2012-08-05T01:10:49","modified_gmt":"2012-08-05T01:10:49","slug":"moi-je-suis-le-pain-de-la-vie-celui-qui-vient-a-moi-naura-plus-jamais-faim","status":"publish","type":"post","link":"https:\/\/www.associationdemarie.org\/blog\/moi-je-suis-le-pain-de-la-vie-celui-qui-vient-a-moi-naura-plus-jamais-faim\/","title":{"rendered":"\u00ab Moi, je suis le pain de la vie. Celui qui vient \u00e0 moi n&rsquo;aura plus jamais faim. \u00bb"},"content":{"rendered":"<p style=\"text-align: center;\"><a href=\"https:\/\/www.associationdemarie.org\/blog\/wp-content\/uploads\/2012\/07\/le_pain_de_vie.jpg\"><img loading=\"lazy\" decoding=\"async\" class=\"aligncenter size-full wp-image-6063\" title=\"'le_pain_de_vie'\" src=\"https:\/\/www.associationdemarie.org\/blog\/wp-content\/uploads\/2012\/07\/le_pain_de_vie.jpg\" alt=\"\" width=\"536\" height=\"345\" srcset=\"https:\/\/www.associationdemarie.org\/blog\/wp-content\/uploads\/2012\/07\/le_pain_de_vie.jpg 670w, https:\/\/www.associationdemarie.org\/blog\/wp-content\/uploads\/2012\/07\/le_pain_de_vie-300x192.jpg 300w\" sizes=\"auto, (max-width: 536px) 100vw, 536px\" \/><\/a><\/p>\n<p>Dans les \u00c9critures, il est question de la tendresse de Dieu pour le monde, et nous lisons que \u00ab Dieu a tant aim\u00e9 le monde qu&rsquo;il a donn\u00e9 son Fils \u00bb J\u00e9sus (Jn 3,16) pour qu&rsquo;il soit comme nous, et qu&rsquo;il nous apporte la bonne nouvelle que Dieu est amour, que Dieu vous aime et qu&rsquo;il m&rsquo;aime. Dieu veut que nous nous aimions les uns les autres comme il aime chacun d&rsquo;entre nous (cf Jn 13,34).<\/p>\n<p>Nous savons tous, en regardant la croix, \u00e0 quel point J\u00e9sus nous a aim\u00e9s. Lorsque nous regardons l&rsquo;eucharistie nous savons combien il nous aime maintenant. C&rsquo;est pourquoi il s&rsquo;est fait lui-m\u00eame \u00ab pain de vie \u00bb afin de satisfaire notre faim pour son amour, et puis, comme si ce n&rsquo;\u00e9tait pas suffisant pour lui, il s&rsquo;est fait lui-m\u00eame l&rsquo;affam\u00e9, l&rsquo;indigent, le sans-abri, afin que vous et moi puissions satisfaire sa faim pour notre amour humain. Car c&rsquo;est pour cela que nous avons \u00e9t\u00e9 cr\u00e9\u00e9s, pour aimer et \u00eatre aim\u00e9s.<\/p>\n<p>Bienheureuse Teresa de Calcutta (1910-1997), fondatrice des S\u0153urs Missionnaires de la Charit\u00e9<br \/>\n<em>The Word To Be Spoken, ch. 6 (trad. J\u00e9sus, celui qu&rsquo;on invoque, p. 85)<\/em><\/p>\n<p><span style=\"color: #ffffff;\"><em>.<\/em><\/span><\/p>\n<p><span style=\"color: #ffffff;\"><em>.<\/em><\/span><\/p>\n","protected":false},"excerpt":{"rendered":"<p>Dans les \u00c9critures, il est question de la tendresse de Dieu pour le monde, et nous lisons que \u00ab Dieu a tant aim\u00e9 le monde qu&rsquo;il a donn\u00e9 son Fils \u00bb J\u00e9sus (Jn 3,16) pour qu&rsquo;il soit comme nous, et qu&rsquo;il nous apporte la bonne nouvelle que Dieu est amour, que Dieu vous aime et [&hellip;]<\/p>\n","protected":false},"author":2,"featured_media":0,"comment_status":"closed","ping_status":"closed","sticky":false,"template":"","format":"standard","meta":{"footnotes":""},"categories":[2,13,28],"tags":[49,152,295,1382,385,535,755],"class_list":["post-6062","post","type-post","status-publish","format-standard","hentry","category-actualites","category-ecritures","category-saints-et-saintes","tag-aimez","tag-bienheureuse-therese-de-calcutta","tag-dieu","tag-ecritures","tag-eucharistie","tag-jesus","tag-pain-de-vie"],"_links":{"self":[{"href":"https:\/\/www.associationdemarie.org\/blog\/wp-json\/wp\/v2\/posts\/6062","targetHints":{"allow":["GET"]}}],"collection":[{"href":"https:\/\/www.associationdemarie.org\/blog\/wp-json\/wp\/v2\/posts"}],"about":[{"href":"https:\/\/www.associationdemarie.org\/blog\/wp-json\/wp\/v2\/types\/post"}],"author":[{"embeddable":true,"href":"https:\/\/www.associationdemarie.org\/blog\/wp-json\/wp\/v2\/users\/2"}],"replies":[{"embeddable":true,"href":"https:\/\/www.associationdemarie.org\/blog\/wp-json\/wp\/v2\/comments?post=6062"}],"version-history":[{"count":0,"href":"https:\/\/www.associationdemarie.org\/blog\/wp-json\/wp\/v2\/posts\/6062\/revisions"}],"wp:attachment":[{"href":"https:\/\/www.associationdemarie.org\/blog\/wp-json\/wp\/v2\/media?parent=6062"}],"wp:term":[{"taxonomy":"category","embeddable":true,"href":"https:\/\/www.associationdemarie.org\/blog\/wp-json\/wp\/v2\/categories?post=6062"},{"taxonomy":"post_tag","embeddable":true,"href":"https:\/\/www.associationdemarie.org\/blog\/wp-json\/wp\/v2\/tags?post=6062"}],"curies":[{"name":"wp","href":"https:\/\/api.w.org\/{rel}","templated":true}]}}