{"id":6057,"date":"2012-08-04T01:01:40","date_gmt":"2012-08-04T01:01:40","guid":{"rendered":"http:\/\/preprod.meltem-int.com\/marie\/blog\/?p=6057"},"modified":"2012-08-04T01:01:40","modified_gmt":"2012-08-04T01:01:40","slug":"st-jean-marie-baptiste-vianney-pretre-%e2%80%a0-1859","status":"publish","type":"post","link":"https:\/\/www.associationdemarie.org\/blog\/st-jean-marie-baptiste-vianney-pretre-%e2%80%a0-1859\/","title":{"rendered":"St Jean-Marie-Baptiste Vianney, pr\u00eatre (\u2020 1859)"},"content":{"rendered":"<p><a href=\"http:\/\/preprod.meltem-int.com\/marie\/blog\/wp-content\/uploads\/2012\/07\/St-cur\u00e9-dArs.jpg\"><img loading=\"lazy\" decoding=\"async\" class=\"alignleft size-full wp-image-6058\" title=\"St cur\u00e9 d'Ars\" src=\"http:\/\/preprod.meltem-int.com\/marie\/blog\/wp-content\/uploads\/2012\/07\/St-cur\u00e9-dArs.jpg\" alt=\"\" width=\"176\" height=\"250\" \/><\/a>C&rsquo;est le 13 f\u00e9vrier 1818 que M. Vianney est arriv\u00e9 dans le petit village. D\u00e8s le d\u00e9but il se fit remarquer par sa bont\u00e9, sa gaiet\u00e9, sa vertu et sa grande pi\u00e9t\u00e9.<\/p>\n<p>L&rsquo;ambition du nouveau cur\u00e9 \u00e9tait de faire du village une terre de saintet\u00e9. Ses efforts pour rechristianiser le village rest\u00e8rent d&rsquo;abord sans r\u00e9sultats, puis son charisme fit des miracles.<\/p>\n<p>Mlle d&rsquo;Ars \u00e9crira\u00a0: \u00ab\u00a0<em>Nous sommes les enfants g\u00e2t\u00e9s de la Providence. Je n&rsquo;ai pas connu de pr\u00eatre aussi pieux que lui\u00a0; il est continuellement \u00e0 l&rsquo;\u00e9glise, offrant \u00e0 Dieu l&rsquo;encens de ses pri\u00e8res\u00a0; \u00e0 l&rsquo;autel, c&rsquo;est un ange, un s\u00e9raphin\u00a0; en chaire, ce n&rsquo;est pas un vrai orateur comme M. Berger, mais c&rsquo;est un homme p\u00e9n\u00e9tr\u00e9 de l&rsquo;amour de Dieu. Il ne mange presque rien\u00a0; je crains que ce genre de vie n&rsquo;abr\u00e8ge ses jours. Priez Dieu qu&rsquo;il le soutienne et nous le conserve longtemps\u00a0\u00bb<\/em>.<\/p>\n<p>Lors de ses remplacements dans les paroisses voisines il se fit vite une r\u00e9putation de saintet\u00e9, son confessionnal \u00e9tait toujours assi\u00e9g\u00e9.\u00a0<em>\u00ab\u00a0Ce pr\u00eatre a de grandes vues\u00a0; il donne de sages conseils, sa direction est douce et ferme\u00a0; mais il faut se soumettre et se r\u00e9signer. Ce petit cur\u00e9 d&rsquo;Ars a \u00e9t\u00e9 impitoyable pour les soir\u00e9es et les bals de la sous-pr\u00e9fecture. Au reste, il a raison, et je t\u00e2cherai de lui ob\u00e9ir\u00a0\u00bb<\/em>, dira le sous-pr\u00e9fet.<\/p>\n<p>Il est bien \u00e9vident qu&rsquo;il fut l&rsquo;objet de critiques, d&rsquo;ironies de la part d&rsquo;autres pr\u00eatres, d&rsquo;accusation qui ne le laiss\u00e8rent pas insensible, et d&rsquo;enqu\u00eates de l&rsquo;\u00c9v\u00each\u00e9.<\/p>\n<p>Jean-Marie Vianney disait\u00a0:\u00a0<em>\u00ab\u00a0J&rsquo;\u00e9tais tourment\u00e9 le jour par les hommes, la nuit par le d\u00e9mon, et cependant j&rsquo;\u00e9prouvais une grande paix, une grande consolation\u00a0\u00bb.<\/em><\/p>\n<p><strong>Les tourments du grappin<\/strong><\/p>\n<p>Il se d\u00e9vouait sans compter pour son prochain, il faisait des int\u00e9rims et des missions dans les paroisses d&rsquo;alentour, il se mortifiait pour sauver les \u00e2mes. La nuit il \u00e9tait tourment\u00e9 par le d\u00e9mon qu&rsquo;il appela le \u00ab\u00a0grappin\u00a0\u00bb.<br \/>\nC&rsquo;est en 1824 que sont apparus les premiers bruits. Plusieurs pr\u00eatres furent les t\u00e9moins de cette lutte qui n&rsquo;effrayait nullement M. Vianney.\u00a0<em>\u00ab\u00a0La cure trembla, les vitres des fen\u00eatres r\u00e9sonn\u00e8rent\u00a0; tout le monde se leva, effray\u00e9, et on courut \u00e0 la chambre de M. Vianney. Ils le trouv\u00e8rent couch\u00e9 dans son lit, qui \u00e9tait au milieu de la chambre. \u00ab\u00a0C&rsquo;est, leur dit-il en souriant, le grappin qui a tra\u00een\u00e9 mon lit jusque l\u00e0\u00a0!\u00a0\u00bb Il les rassura, en leur disant\u00a0: \u00ab\u00a0N&rsquo;ayez aucune crainte\u00a0!\u00a0\u00bb Ses confr\u00e8res cess\u00e8rent de le plaisanter \u00e0 ce sujet et de lui faire des reproches\u00a0\u00bb.<\/em><\/p>\n<p><strong>La \u00ab\u00a0Providence\u00a0\u00bb<\/strong><\/p>\n<p>Monsieur le Cur\u00e9 Vianney, malgr\u00e9 toutes ses privations et son \u00e9tat de sant\u00e9 chancelante \u00e9tait d\u00e9bordant d&rsquo;activit\u00e9 et toujours \u00e0 la recherche du bien qu&rsquo;il pouvait faire. C&rsquo;est ainsi que l&rsquo;\u00e9ducation des enfants lui tenait particuli\u00e8rement \u00e0 c\u0153ur. C&rsquo;est gr\u00e2ce \u00e0 sa t\u00e9nacit\u00e9 et \u00e0 la bonne volont\u00e9 de quelques personnes que la premi\u00e8re \u00e9cole allait voir le jour.<br \/>\nIl transformera la \u00ab\u00a0Providence\u00a0\u00bb en orphelinat et en maison d&rsquo;accueil pour\u00a0<em>\u00ab\u00a0les jeunes pauvresses abandonn\u00e9es\u00a0\u00bb<\/em>. Il trouvera toujours au bon moment l&rsquo;argent n\u00e9cessaire, mais non sans crainte, pour faire les travaux et nourrir ces pauvres enfants.<br \/>\nDieu r\u00e9pondra toujours \u00e0 son appel \u00e0 l&rsquo;aider dans l&rsquo;accomplissement de sa t\u00e2che.<\/p>\n<p><em>\u00ab\u00a0Une pri\u00e8re bien agr\u00e9able \u00e0 Dieu, c&rsquo;est de demander \u00e0 la Sainte Vierge d&rsquo;offrir au P\u00e8re \u00c9ternel son divin Fils, tout sanglant, tout d\u00e9chir\u00e9, pour la conversion des p\u00e9cheurs\u00a0: c&rsquo;est la meilleure pri\u00e8re que l&rsquo;on puisse faire&#8230; Mes enfants, \u00e9coutez bien\u00a0: toutes les fois que j&rsquo;ai obtenu une gr\u00e2ce, je l&rsquo;ai demand\u00e9e de cette mani\u00e8re\u00a0; cela n&rsquo;a jamais manqu\u00e9.\u00a0\u00bb<\/em><\/p>\n<p><span style=\"color: #ffffff;\"><em>.<\/em><\/span><\/p>\n<p><span style=\"color: #ffffff;\"><em>.<\/em><\/span><\/p>\n<p>&nbsp;<\/p>\n","protected":false},"excerpt":{"rendered":"<p>C&rsquo;est le 13 f\u00e9vrier 1818 que M. Vianney est arriv\u00e9 dans le petit village. D\u00e8s le d\u00e9but il se fit remarquer par sa bont\u00e9, sa gaiet\u00e9, sa vertu et sa grande pi\u00e9t\u00e9. L&rsquo;ambition du nouveau cur\u00e9 \u00e9tait de faire du village une terre de saintet\u00e9. Ses efforts pour rechristianiser le village rest\u00e8rent d&rsquo;abord sans r\u00e9sultats, [&hellip;]<\/p>\n","protected":false},"author":2,"featured_media":0,"comment_status":"closed","ping_status":"closed","sticky":false,"template":"","format":"standard","meta":{"footnotes":""},"categories":[3,13,15,28],"tags":[306,830,945,1023],"class_list":["post-6057","post","type-post","status-publish","format-standard","hentry","category-liturgique","category-ecritures","category-histoire","category-saints-et-saintes","tag-divin-sauveur","tag-priere","tag-saints","tag-st-cure-dars"],"_links":{"self":[{"href":"https:\/\/www.associationdemarie.org\/blog\/wp-json\/wp\/v2\/posts\/6057","targetHints":{"allow":["GET"]}}],"collection":[{"href":"https:\/\/www.associationdemarie.org\/blog\/wp-json\/wp\/v2\/posts"}],"about":[{"href":"https:\/\/www.associationdemarie.org\/blog\/wp-json\/wp\/v2\/types\/post"}],"author":[{"embeddable":true,"href":"https:\/\/www.associationdemarie.org\/blog\/wp-json\/wp\/v2\/users\/2"}],"replies":[{"embeddable":true,"href":"https:\/\/www.associationdemarie.org\/blog\/wp-json\/wp\/v2\/comments?post=6057"}],"version-history":[{"count":0,"href":"https:\/\/www.associationdemarie.org\/blog\/wp-json\/wp\/v2\/posts\/6057\/revisions"}],"wp:attachment":[{"href":"https:\/\/www.associationdemarie.org\/blog\/wp-json\/wp\/v2\/media?parent=6057"}],"wp:term":[{"taxonomy":"category","embeddable":true,"href":"https:\/\/www.associationdemarie.org\/blog\/wp-json\/wp\/v2\/categories?post=6057"},{"taxonomy":"post_tag","embeddable":true,"href":"https:\/\/www.associationdemarie.org\/blog\/wp-json\/wp\/v2\/tags?post=6057"}],"curies":[{"name":"wp","href":"https:\/\/api.w.org\/{rel}","templated":true}]}}