{"id":5955,"date":"2012-07-20T01:30:25","date_gmt":"2012-07-20T01:30:25","guid":{"rendered":"http:\/\/preprod.meltem-int.com\/marie\/blog\/?p=5955"},"modified":"2012-07-20T01:30:25","modified_gmt":"2012-07-20T01:30:25","slug":"st-elie-prophete-9e-s-av-jc","status":"publish","type":"post","link":"https:\/\/www.associationdemarie.org\/blog\/st-elie-prophete-9e-s-av-jc\/","title":{"rendered":"St \u00c9lie, proph\u00e8te (9e s. av JC)"},"content":{"rendered":"<p><a href=\"https:\/\/www.associationdemarie.org\/blog\/wp-content\/uploads\/2012\/07\/saint-prophete-elie.jpg\"><img loading=\"lazy\" decoding=\"async\" class=\"aligncenter size-medium wp-image-5956\" title=\"saint-prophete-elie\" src=\"https:\/\/www.associationdemarie.org\/blog\/wp-content\/uploads\/2012\/07\/saint-prophete-elie-238x300.jpg\" alt=\"\" width=\"238\" height=\"300\" srcset=\"https:\/\/www.associationdemarie.org\/blog\/wp-content\/uploads\/2012\/07\/saint-prophete-elie-238x300.jpg 238w, https:\/\/www.associationdemarie.org\/blog\/wp-content\/uploads\/2012\/07\/saint-prophete-elie.jpg 508w\" sizes=\"auto, (max-width: 238px) 100vw, 238px\" \/><\/a><\/p>\n<p>\u00c9lie, dont le nom signifie \u00ab\u00a0Le Seigneur est mon Dieu\u00a0\u00bb, est l&rsquo;un des proph\u00e8tes les plus ardents et passionn\u00e9s. Il m\u00e8ne un combat violent pour restaurer l&rsquo;Alliance entre Dieu et son peuple. Son histoire est relat\u00e9e dans la Bible au Premier Livre des Rois (chapitres 17 \u00e0 19 et 21) ainsi qu&rsquo;au Deuxi\u00e8me Livre des Rois (chapitres 1 et 2).<\/p>\n<p>Le proph\u00e8te \u00c9lie, de Tishb\u00e9 en Galaad, d\u00e9fend les droits de Dieu devant Achab, roi impie d&rsquo;Isra\u00ebl. Il annonce la s\u00e9cheresse pour prix des p\u00e9ch\u00e9s du roi, et, sur l&rsquo;ordre de Dieu, se cache au torrent de K\u00e9rit dans la solitude, trois ann\u00e9es durant. L\u00e0, il se tient en pr\u00e9sence du Seigneur\u00a0; il boit au torrent et les corbeaux lui portent sa nourriture.<\/p>\n<p>\u00c9pris de contemplation et br\u00fblant de z\u00e8le, il combat pour le culte du Dieu unique\u00a0: \u00ab\u00a0C&rsquo;est le Seigneur qui est Dieu\u00a0!\u00a0\u00bb affirme-t-il avec force devant le peuple, dans le d\u00e9fi qu&rsquo;il porte aux pr\u00eatres de Baal sur le Mont Carmel. Et Dieu envoie le feu consumer l&rsquo;holocauste sur le b\u00fbcher mouill\u00e9. Il annonce la fin de la s\u00e9cheresse et tandis qu&rsquo;il est en pri\u00e8re, au sommet du Carmel, une petite nu\u00e9e se l\u00e8ve de la mer. Voici la pluie bienfaisante. Il fuit la col\u00e8re de la reine J\u00e9zabel pour sauver sa vie. Fortifi\u00e9 par une nourriture myst\u00e9rieuse, il marche jusqu&rsquo;\u00e0 l&rsquo;Horeb, la montagne de Dieu o\u00f9 Dieu lui-m\u00eame vient se r\u00e9v\u00e9ler \u00ab\u00a0dans le bruit d&rsquo;un silence t\u00e9nu\u00a0\u00bb. Sur la parole de Dieu, il retourne pour oindre \u00c9lis\u00e9e comme proph\u00e8te \u00e0 sa place. Il est emport\u00e9 au ciel sur un char de feu.<\/p>\n<p>Sur la montagne de la Transfiguration, devant les ap\u00f4tres Pierre, Jacques et Jean, \u00c9lie appara\u00eet avec Mo\u00efse dans la lumi\u00e8re glorieuse du Christ. Toute la vie d&rsquo;\u00c9lie baigne dans la pri\u00e8re au Dieu vivant d&rsquo;Isra\u00ebl\u00a0; aussi l&rsquo;\u00e9p\u00eetre de saint Jacques le propose-t-elle comme le mod\u00e8le des priants (Jacques 5, 17-18).<\/p>\n<p>\u00c9lie est le guide et l&rsquo;inspirateur de l&rsquo;Ordre du Carmel, ordre mendiant fond\u00e9 au XIIIe si\u00e8cle \u00e0 partir d&rsquo;ermites situ\u00e9s sur le Mont Carmel. Il est appel\u00e9 \u00ab\u00a0P\u00e8re des contemplatifs\u00a0\u00bb.<\/p>\n<p>\u00a9Evangelizo.org 2001-2012<\/p>\n<p><span style=\"color: #ffffff;\">.<\/span><\/p>\n<p><span style=\"color: #ffffff;\">.<\/span><\/p>\n","protected":false},"excerpt":{"rendered":"<p>\u00c9lie, dont le nom signifie \u00ab\u00a0Le Seigneur est mon Dieu\u00a0\u00bb, est l&rsquo;un des proph\u00e8tes les plus ardents et passionn\u00e9s. Il m\u00e8ne un combat violent pour restaurer l&rsquo;Alliance entre Dieu et son peuple. Son histoire est relat\u00e9e dans la Bible au Premier Livre des Rois (chapitres 17 \u00e0 19 et 21) ainsi qu&rsquo;au Deuxi\u00e8me Livre des [&hellip;]<\/p>\n","protected":false},"author":2,"featured_media":0,"comment_status":"closed","ping_status":"closed","sticky":false,"template":"","format":"standard","meta":{"footnotes":""},"categories":[3,13,28],"tags":[54,342,344,512,587,841,1149],"class_list":["post-5955","post","type-post","status-publish","format-standard","hentry","category-liturgique","category-ecritures","category-saints-et-saintes","tag-alliance","tag-elie","tag-elisee","tag-israel","tag-livre-des-rois","tag-prophete","tag-transfiguration"],"_links":{"self":[{"href":"https:\/\/www.associationdemarie.org\/blog\/wp-json\/wp\/v2\/posts\/5955","targetHints":{"allow":["GET"]}}],"collection":[{"href":"https:\/\/www.associationdemarie.org\/blog\/wp-json\/wp\/v2\/posts"}],"about":[{"href":"https:\/\/www.associationdemarie.org\/blog\/wp-json\/wp\/v2\/types\/post"}],"author":[{"embeddable":true,"href":"https:\/\/www.associationdemarie.org\/blog\/wp-json\/wp\/v2\/users\/2"}],"replies":[{"embeddable":true,"href":"https:\/\/www.associationdemarie.org\/blog\/wp-json\/wp\/v2\/comments?post=5955"}],"version-history":[{"count":0,"href":"https:\/\/www.associationdemarie.org\/blog\/wp-json\/wp\/v2\/posts\/5955\/revisions"}],"wp:attachment":[{"href":"https:\/\/www.associationdemarie.org\/blog\/wp-json\/wp\/v2\/media?parent=5955"}],"wp:term":[{"taxonomy":"category","embeddable":true,"href":"https:\/\/www.associationdemarie.org\/blog\/wp-json\/wp\/v2\/categories?post=5955"},{"taxonomy":"post_tag","embeddable":true,"href":"https:\/\/www.associationdemarie.org\/blog\/wp-json\/wp\/v2\/tags?post=5955"}],"curies":[{"name":"wp","href":"https:\/\/api.w.org\/{rel}","templated":true}]}}