{"id":5927,"date":"2012-07-15T01:14:24","date_gmt":"2012-07-15T01:14:24","guid":{"rendered":"http:\/\/preprod.meltem-int.com\/marie\/blog\/?p=5927"},"modified":"2012-07-15T01:14:24","modified_gmt":"2012-07-15T01:14:24","slug":"pour-la-premiere-fois-il-les-envoie","status":"publish","type":"post","link":"https:\/\/www.associationdemarie.org\/blog\/pour-la-premiere-fois-il-les-envoie\/","title":{"rendered":"\u00ab Pour la premi\u00e8re fois, il les envoie. \u00bb"},"content":{"rendered":"<p>&nbsp;<\/p>\n<p><a href=\"https:\/\/www.associationdemarie.org\/blog\/wp-content\/uploads\/2012\/07\/avancez-au-large.jpg\"><img loading=\"lazy\" decoding=\"async\" class=\"aligncenter size-medium wp-image-5928\" title=\"avancez au large\" src=\"https:\/\/www.associationdemarie.org\/blog\/wp-content\/uploads\/2012\/07\/avancez-au-large-300x214.jpg\" alt=\"\" width=\"300\" height=\"214\" srcset=\"https:\/\/www.associationdemarie.org\/blog\/wp-content\/uploads\/2012\/07\/avancez-au-large-300x214.jpg 300w, https:\/\/www.associationdemarie.org\/blog\/wp-content\/uploads\/2012\/07\/avancez-au-large.jpg 462w\" sizes=\"auto, (max-width: 300px) 100vw, 300px\" \/><\/a><\/p>\n<p>J\u00e9sus dit \u00e0 Pierre : \u00ab Avance au large ! \u00bb (Lc 5,4) \u00ab Pierre et ses premiers compagnons firent confiance \u00e0 la parole du Christ et jet\u00e8rent leurs filets \u00bb&#8230; Celui qui ouvre son c\u0153ur au Christ comprend non seulement le myst\u00e8re de sa propre existence, mais aussi celui de sa propre vocation, et il fait m\u00fbrir de splendides fruits de gr\u00e2ce&#8230; En vivant l&rsquo;\u00c9vangile dans son int\u00e9gralit\u00e9, le chr\u00e9tien devient toujours plus capable d&rsquo;aimer \u00e0 la mani\u00e8re m\u00eame du Christ, en accueillant son exhortation : \u00ab Soyez parfaits comme votre P\u00e8re c\u00e9leste est parfait \u00bb (Mt 5,48). Il s&rsquo;engage \u00e0 pers\u00e9v\u00e9rer dans l&rsquo;unit\u00e9 avec ses fr\u00e8res au sein de la communion de l&rsquo;\u00c9glise, et il se met au service de la nouvelle \u00e9vang\u00e9lisation pour proclamer la merveilleuse v\u00e9rit\u00e9 de l&rsquo;amour salvifique de Dieu et pour en t\u00e9moigner.<\/p>\n<p>Chers jeunes, c&rsquo;est \u00e0 vous tout particuli\u00e8rement que je renouvelle l&rsquo;invitation du Christ \u00e0 \u00ab avancer au large \u00bb&#8230; Ayez confiance en lui, mettez-vous \u00e0 l&rsquo;\u00e9coute de ses enseignements, fixez le regard sur son visage, pers\u00e9v\u00e9rez dans l&rsquo;\u00e9coute de sa Parole. Laissez-le orienter toutes vos recherches et toutes vos aspirations, tout votre id\u00e9al et tout le d\u00e9sir de votre c\u0153ur&#8230; Je pense en m\u00eame temps \u00e0 la parole adress\u00e9e par Marie, sa m\u00e8re, aux serviteurs \u00e0 Cana de Galil\u00e9e : \u00ab Faites tout ce qu&rsquo;il vous dira \u00bb (Jn 2,5). Chers jeunes, le Christ vous demande \u00ab d&rsquo;avancer au large \u00bb et la Vierge vous encourage \u00e0 ne pas h\u00e9siter \u00e0 le suivre. Que monte de tous les coins du monde, soutenue par l&rsquo;intercession maternelle de la Madone, la pri\u00e8re ardente au P\u00e8re du ciel pour obtenir \u00ab des ouvriers pour sa moisson \u00bb (Mt 9,38) :<\/p>\n<p>J\u00e9sus, Fils de Dieu,<br \/>\nen qui demeure la pl\u00e9nitude de la divinit\u00e9,<br \/>\nTu appelles tous les baptis\u00e9s \u00ab \u00e0 avancer au large \u00bb,<br \/>\nen parcourant le chemin de la saintet\u00e9.<br \/>\nSuscite dans le c\u0153ur des jeunes le d\u00e9sir<br \/>\nd&rsquo;\u00eatre des t\u00e9moins de la puissance de ton amour<br \/>\ndans le monde d&rsquo;aujourd&rsquo;hui.<br \/>\nRemplis-les de ton Esprit de force et de prudence,<br \/>\npour qu&rsquo;ils soient capables de d\u00e9couvrir la pleine v\u00e9rit\u00e9<br \/>\nsur eux-m\u00eames et leur vocation propre.<br \/>\nNotre Sauveur,<br \/>\nenvoy\u00e9 par le P\u00e8re pour r\u00e9v\u00e9ler son amour mis\u00e9ricordieux,<br \/>\nfais \u00e0 ton \u00c9glise le don<br \/>\nde jeunes pr\u00eats \u00e0 avancer au large,<br \/>\npour \u00eatre parmi leurs fr\u00e8res une manifestation<br \/>\nde ta pr\u00e9sence qui renouvelle et qui sauve.<\/p>\n<p>Vierge Sainte, M\u00e8re du R\u00e9dempteur,<br \/>\nguide assur\u00e9 dans le chemin vers Dieu et le prochain,<br \/>\ntoi qui as conserv\u00e9 ses paroles dans l&rsquo;intimit\u00e9 de ton c\u0153ur (Lc 2,19),<br \/>\nsoutiens par ton intercession maternelle<br \/>\nles familles et les communaut\u00e9s eccl\u00e9siales,<br \/>\nafin qu&rsquo;elles aident les adolescents et les jeunes<br \/>\n\u00e0 r\u00e9pondre g\u00e9n\u00e9reusement \u00e0 l&rsquo;appel du Seigneur.<br \/>\nAmen.<\/p>\n<p>Bienheureux Jean-Paul II<br \/>\n<em>Message pour la 42e Journ\u00e9e mondiale de pri\u00e8re pour les vocations 17\/04\/2005 (trad. \u00a9 copyright Libreria Editrice Vaticana)<\/em><\/p>\n<p><span style=\"color: #ffffff;\"><em>.<\/em><\/span><\/p>\n<p><span style=\"color: #ffffff;\"><em>.<\/em><\/span><\/p>\n","protected":false},"excerpt":{"rendered":"<p>&nbsp; J\u00e9sus dit \u00e0 Pierre : \u00ab Avance au large ! \u00bb (Lc 5,4) \u00ab Pierre et ses premiers compagnons firent confiance \u00e0 la parole du Christ et jet\u00e8rent leurs filets \u00bb&#8230; Celui qui ouvre son c\u0153ur au Christ comprend non seulement le myst\u00e8re de sa propre existence, mais aussi celui de sa propre vocation, [&hellip;]<\/p>\n","protected":false},"author":2,"featured_media":0,"comment_status":"closed","ping_status":"closed","sticky":false,"template":"","format":"standard","meta":{"footnotes":""},"categories":[3,13,27,28],"tags":[158,220,322,412,830,1071,1188],"class_list":["post-5927","post","type-post","status-publish","format-standard","hentry","category-liturgique","category-ecritures","category-prieres","category-saints-et-saintes","tag-bienheureux-jean-paul-2","tag-christ","tag-duc-in-altum","tag-filet","tag-priere","tag-st-pierre","tag-vierge"],"_links":{"self":[{"href":"https:\/\/www.associationdemarie.org\/blog\/wp-json\/wp\/v2\/posts\/5927","targetHints":{"allow":["GET"]}}],"collection":[{"href":"https:\/\/www.associationdemarie.org\/blog\/wp-json\/wp\/v2\/posts"}],"about":[{"href":"https:\/\/www.associationdemarie.org\/blog\/wp-json\/wp\/v2\/types\/post"}],"author":[{"embeddable":true,"href":"https:\/\/www.associationdemarie.org\/blog\/wp-json\/wp\/v2\/users\/2"}],"replies":[{"embeddable":true,"href":"https:\/\/www.associationdemarie.org\/blog\/wp-json\/wp\/v2\/comments?post=5927"}],"version-history":[{"count":0,"href":"https:\/\/www.associationdemarie.org\/blog\/wp-json\/wp\/v2\/posts\/5927\/revisions"}],"wp:attachment":[{"href":"https:\/\/www.associationdemarie.org\/blog\/wp-json\/wp\/v2\/media?parent=5927"}],"wp:term":[{"taxonomy":"category","embeddable":true,"href":"https:\/\/www.associationdemarie.org\/blog\/wp-json\/wp\/v2\/categories?post=5927"},{"taxonomy":"post_tag","embeddable":true,"href":"https:\/\/www.associationdemarie.org\/blog\/wp-json\/wp\/v2\/tags?post=5927"}],"curies":[{"name":"wp","href":"https:\/\/api.w.org\/{rel}","templated":true}]}}