{"id":5918,"date":"2012-07-12T04:28:54","date_gmt":"2012-07-12T04:28:54","guid":{"rendered":"http:\/\/preprod.meltem-int.com\/marie\/blog\/?p=5918"},"modified":"2012-07-12T04:28:54","modified_gmt":"2012-07-12T04:28:54","slug":"beaucoup-viendront-de-lorient-et-de-loccident-et-prendront-place-au-festin-du-royaume-des-cieux","status":"publish","type":"post","link":"https:\/\/www.associationdemarie.org\/blog\/beaucoup-viendront-de-lorient-et-de-loccident-et-prendront-place-au-festin-du-royaume-des-cieux\/","title":{"rendered":"\u00ab Beaucoup viendront de l&rsquo;Orient et de l&rsquo;Occident et prendront place&#8230;au festin du Royaume des cieux. \u00bb"},"content":{"rendered":"<p><a href=\"https:\/\/www.associationdemarie.org\/blog\/wp-content\/uploads\/2012\/06\/dyn004_original_720_543_pjpeg_2623717_32cfb0f266007616d780885fa2ab677e.jpg\"><img loading=\"lazy\" decoding=\"async\" class=\"aligncenter size-medium wp-image-5919\" title=\"Babel\" src=\"https:\/\/www.associationdemarie.org\/blog\/wp-content\/uploads\/2012\/06\/dyn004_original_720_543_pjpeg_2623717_32cfb0f266007616d780885fa2ab677e-300x226.jpg\" alt=\"\" width=\"300\" height=\"226\" srcset=\"https:\/\/www.associationdemarie.org\/blog\/wp-content\/uploads\/2012\/06\/dyn004_original_720_543_pjpeg_2623717_32cfb0f266007616d780885fa2ab677e-300x226.jpg 300w, https:\/\/www.associationdemarie.org\/blog\/wp-content\/uploads\/2012\/06\/dyn004_original_720_543_pjpeg_2623717_32cfb0f266007616d780885fa2ab677e.jpg 720w\" sizes=\"auto, (max-width: 300px) 100vw, 300px\" \/><\/a><\/p>\n<p>L&rsquo;\u00c9glise est catholique : le mot \u00ab catholique \u00bb signifie \u00ab universel \u00bb dans le sens de \u00ab selon la totalit\u00e9 \u00bb ou \u00ab selon l&rsquo;int\u00e9gralit\u00e9 \u00bb. L&rsquo;\u00c9glise est catholique dans un double sens : elle est catholique parce qu&rsquo;en elle le Christ est pr\u00e9sent. \u00ab L\u00e0 o\u00f9 est le Christ J\u00e9sus, l\u00e0 est l&rsquo;\u00c9glise catholique \u00bb (S. Ignace d&rsquo;Antioche) ; en elle subsiste la pl\u00e9nitude du Corps du Christ uni \u00e0 sa T\u00eate (Ep 1,22-23)&#8230; L&rsquo;\u00c9glise \u00e9tait, en ce sens fondamental, catholique au jour de la Pentec\u00f4te et elle le sera toujours jusqu&rsquo;au jour de la parousie.<\/p>\n<p>Elle est catholique parce qu&rsquo;elle est envoy\u00e9e en mission par le Christ \u00e0 l&rsquo;universalit\u00e9 du genre humain (Mt 28,19). \u00ab Tous les hommes sont appel\u00e9s \u00e0 faire partie du Peuple de Dieu. C&rsquo;est pourquoi ce peuple, demeurant un et unique, est destin\u00e9 \u00e0 se dilater aux dimensions de l&rsquo;univers entier et \u00e0 toute la suite des si\u00e8cles pour que s&rsquo;accomplisse ce que s&rsquo;est propos\u00e9 la volont\u00e9 de Dieu cr\u00e9ant \u00e0 l&rsquo;origine la nature humaine dans l&rsquo;unit\u00e9, et d\u00e9cidant de rassembler enfin dans l&rsquo;unit\u00e9 ses fils dispers\u00e9s \u00bb (Vatican II, LG 13)&#8230;<\/p>\n<p>Chaque \u00e9glise particuli\u00e8re est catholique&#8230; Ces \u00e9glises particuli\u00e8res \u00ab sont form\u00e9es \u00e0 l&rsquo;image de l&rsquo;\u00c9glise universelle ; c&rsquo;est en elles et \u00e0 partir d&rsquo;elles qu&rsquo;existe l&rsquo;\u00c9glise catholique une et unique \u00bb (LG 23). Les \u00c9glises particuli\u00e8res sont pleinement catholiques par la communion avec l&rsquo;une d&rsquo;entre elles : l&rsquo;\u00e9glise de Rome \u00ab qui pr\u00e9side \u00e0 la charit\u00e9 \u00bb (S. Ignace d&rsquo;Antioche). \u00ab Car avec cette \u00e9glise, en raison de son origine plus excellente doit n\u00e9cessairement s&rsquo;accorder toute \u00e9glise, c&rsquo;est-\u00e0-dire les fid\u00e8les de partout \u00bb (S. Ir\u00e9n\u00e9e)&#8230; La riche vari\u00e9t\u00e9 de disciplines eccl\u00e9siastiques, de rites liturgiques, de patrimoines th\u00e9ologiques et spirituels propres aux \u00e9glises locales \u00ab montre avec plus d&rsquo;\u00e9clat, par leur convergence dans l&rsquo;unit\u00e9, la catholicit\u00e9 de l&rsquo;\u00c9glise indivise \u00bb (LG 23).<\/p>\n<p>Cat\u00e9chisme de l&rsquo;\u00c9glise catholique<br \/>\n<em>\u00a7830-835<\/em><\/p>\n<p><span style=\"color: #ffffff;\"><em>.<\/em><\/span><\/p>\n<p><span style=\"color: #ffffff;\"><em>.<\/em><\/span><\/p>\n","protected":false},"excerpt":{"rendered":"<p>L&rsquo;\u00c9glise est catholique : le mot \u00ab catholique \u00bb signifie \u00ab universel \u00bb dans le sens de \u00ab selon la totalit\u00e9 \u00bb ou \u00ab selon l&rsquo;int\u00e9gralit\u00e9 \u00bb. L&rsquo;\u00c9glise est catholique dans un double sens : elle est catholique parce qu&rsquo;en elle le Christ est pr\u00e9sent. \u00ab L\u00e0 o\u00f9 est le Christ J\u00e9sus, l\u00e0 est l&rsquo;\u00c9glise [&hellip;]<\/p>\n","protected":false},"author":2,"featured_media":0,"comment_status":"closed","ping_status":"closed","sticky":false,"template":"","format":"standard","meta":{"footnotes":""},"categories":[2,15,28],"tags":[188,189,336,338,1037,1039,1173],"class_list":["post-5918","post","type-post","status-publish","format-standard","hentry","category-actualites","category-histoire","category-saints-et-saintes","tag-catechisme","tag-catholique","tag-eglise","tag-eglise-universellet","tag-st-ignace-dantioche","tag-st-irenee","tag-vatican"],"_links":{"self":[{"href":"https:\/\/www.associationdemarie.org\/blog\/wp-json\/wp\/v2\/posts\/5918","targetHints":{"allow":["GET"]}}],"collection":[{"href":"https:\/\/www.associationdemarie.org\/blog\/wp-json\/wp\/v2\/posts"}],"about":[{"href":"https:\/\/www.associationdemarie.org\/blog\/wp-json\/wp\/v2\/types\/post"}],"author":[{"embeddable":true,"href":"https:\/\/www.associationdemarie.org\/blog\/wp-json\/wp\/v2\/users\/2"}],"replies":[{"embeddable":true,"href":"https:\/\/www.associationdemarie.org\/blog\/wp-json\/wp\/v2\/comments?post=5918"}],"version-history":[{"count":0,"href":"https:\/\/www.associationdemarie.org\/blog\/wp-json\/wp\/v2\/posts\/5918\/revisions"}],"wp:attachment":[{"href":"https:\/\/www.associationdemarie.org\/blog\/wp-json\/wp\/v2\/media?parent=5918"}],"wp:term":[{"taxonomy":"category","embeddable":true,"href":"https:\/\/www.associationdemarie.org\/blog\/wp-json\/wp\/v2\/categories?post=5918"},{"taxonomy":"post_tag","embeddable":true,"href":"https:\/\/www.associationdemarie.org\/blog\/wp-json\/wp\/v2\/tags?post=5918"}],"curies":[{"name":"wp","href":"https:\/\/api.w.org\/{rel}","templated":true}]}}