{"id":5901,"date":"2012-07-09T01:14:29","date_gmt":"2012-07-09T01:14:29","guid":{"rendered":"http:\/\/preprod.meltem-int.com\/marie\/blog\/?p=5901"},"modified":"2012-07-09T01:14:29","modified_gmt":"2012-07-09T01:14:29","slug":"ta-foi-ta-sauvee","status":"publish","type":"post","link":"https:\/\/www.associationdemarie.org\/blog\/ta-foi-ta-sauvee\/","title":{"rendered":"\u00ab Ta foi t&rsquo;a sauv\u00e9e. \u00bb"},"content":{"rendered":"<p><a href=\"https:\/\/www.associationdemarie.org\/blog\/wp-content\/uploads\/2012\/06\/croyances_foi_fleurs_lumiere.jpg\"><img loading=\"lazy\" decoding=\"async\" class=\"aligncenter size-full wp-image-5902\" title=\"croyances_foi_fleurs_lumiere\" src=\"https:\/\/www.associationdemarie.org\/blog\/wp-content\/uploads\/2012\/06\/croyances_foi_fleurs_lumiere.jpg\" alt=\"\" width=\"250\" height=\"335\" srcset=\"https:\/\/www.associationdemarie.org\/blog\/wp-content\/uploads\/2012\/06\/croyances_foi_fleurs_lumiere.jpg 250w, https:\/\/www.associationdemarie.org\/blog\/wp-content\/uploads\/2012\/06\/croyances_foi_fleurs_lumiere-223x300.jpg 223w\" sizes=\"auto, (max-width: 250px) 100vw, 250px\" \/><\/a><\/p>\n<p><span style=\"color: #ffffff;\">.<\/span><\/p>\n<p>La foi, c&rsquo;est ce qui fait que nous croyons du fond de l&rsquo;\u00e2me&#8230;toutes les v\u00e9rit\u00e9s que la religion nous enseigne, le contenu de la Sainte \u00c9criture par cons\u00e9quent et tous les enseignements de l&rsquo;\u00c9vangile, tout ce qui nous est propos\u00e9 par l&rsquo;\u00c9glise enfin. Le juste vit vraiment de cette foi (Rm 1,17), car elle remplace pour lui la plupart des sens de la nature. Elle transforme tellement toutes choses qu&rsquo;\u00e0 peine les anciens sens peuvent-ils servir \u00e0 l&rsquo;\u00e2me ; elle ne per\u00e7oit par eux que de trompeuses apparences ; la foi lui montre les r\u00e9alit\u00e9s.<br \/>\nL&rsquo;\u0153il lui montre un pauvre ; la foi lui montre J\u00e9sus (cf Mt 25,40). L&rsquo;oreille lui fait entendre des injures et des pers\u00e9cutions ; la foi lui chante : \u00ab R\u00e9jouissez-vous et jubilez de joie \u00bb (cf Mt 5,12). Le toucher nous fait sentir des coups de pierre re\u00e7us ; la foi nous dit : \u00ab Soyez dans une grande joie d&rsquo;avoir \u00e9t\u00e9 jug\u00e9s dignes de souffrir quelque chose pour le nom du Christ \u00bb (cf Ac 5,41). Le go\u00fbt nous fait sentir l&rsquo;encens ; la foi nous dit que le v\u00e9ritable encens \u00ab sont les pri\u00e8res des saints \u00bb (Ap 8,4).<\/p>\n<p>Les sens nous s\u00e9duisent par les beaut\u00e9s cr\u00e9\u00e9es ; la foi pense \u00e0 la beaut\u00e9 incr\u00e9\u00e9e et prend en piti\u00e9 toutes les cr\u00e9atures qui sont un n\u00e9ant et une poussi\u00e8re \u00e0 c\u00f4t\u00e9 de cette beaut\u00e9-l\u00e0. Les sens ont horreur de la douleur ; la foi la b\u00e9nit comme la couronne de mariage qui l&rsquo;unit \u00e0 son Bien-aim\u00e9, comme la marche avec son \u00c9poux, la main dans sa main divine. Les sens se r\u00e9voltent contre l&rsquo;injure ; la foi la b\u00e9nit : \u00ab B\u00e9nissez ceux qui vous maudissent \u00bb (Lc 6,28)&#8230;; elle la trouve douce car c&rsquo;est partager le sort de J\u00e9sus&#8230; Les sens sont curieux ; la foi ne veut rien conna\u00eetre : elle a soif de s&rsquo;ensevelir et voudrait passer toute sa vie immobile au pied du tabernacle.<\/p>\n<p>Bienheureux Charles de Foucauld (1858-1916), ermite et missionnaire au Sahara<br \/>\n<em>Retraite faite \u00e0 Nazareth 1897 (\u0152uvres, Seuil 1958, p. 521)<\/em><\/p>\n<p><span style=\"color: #ffffff;\"><em>.<\/em><\/span><\/p>\n<p><span style=\"color: #ffffff;\"><em>.<\/em><\/span><\/p>\n","protected":false},"excerpt":{"rendered":"<p>. La foi, c&rsquo;est ce qui fait que nous croyons du fond de l&rsquo;\u00e2me&#8230;toutes les v\u00e9rit\u00e9s que la religion nous enseigne, le contenu de la Sainte \u00c9criture par cons\u00e9quent et tous les enseignements de l&rsquo;\u00c9vangile, tout ce qui nous est propos\u00e9 par l&rsquo;\u00c9glise enfin. Le juste vit vraiment de cette foi (Rm 1,17), car elle [&hellip;]<\/p>\n","protected":false},"author":2,"featured_media":0,"comment_status":"closed","ping_status":"closed","sticky":false,"template":"","format":"standard","meta":{"footnotes":""},"categories":[3,13],"tags":[154,425,1122],"class_list":["post-5901","post","type-post","status-publish","format-standard","hentry","category-liturgique","category-ecritures","tag-bienheureux-charles-de-foucauld","tag-foi","tag-tabernacle"],"_links":{"self":[{"href":"https:\/\/www.associationdemarie.org\/blog\/wp-json\/wp\/v2\/posts\/5901","targetHints":{"allow":["GET"]}}],"collection":[{"href":"https:\/\/www.associationdemarie.org\/blog\/wp-json\/wp\/v2\/posts"}],"about":[{"href":"https:\/\/www.associationdemarie.org\/blog\/wp-json\/wp\/v2\/types\/post"}],"author":[{"embeddable":true,"href":"https:\/\/www.associationdemarie.org\/blog\/wp-json\/wp\/v2\/users\/2"}],"replies":[{"embeddable":true,"href":"https:\/\/www.associationdemarie.org\/blog\/wp-json\/wp\/v2\/comments?post=5901"}],"version-history":[{"count":0,"href":"https:\/\/www.associationdemarie.org\/blog\/wp-json\/wp\/v2\/posts\/5901\/revisions"}],"wp:attachment":[{"href":"https:\/\/www.associationdemarie.org\/blog\/wp-json\/wp\/v2\/media?parent=5901"}],"wp:term":[{"taxonomy":"category","embeddable":true,"href":"https:\/\/www.associationdemarie.org\/blog\/wp-json\/wp\/v2\/categories?post=5901"},{"taxonomy":"post_tag","embeddable":true,"href":"https:\/\/www.associationdemarie.org\/blog\/wp-json\/wp\/v2\/tags?post=5901"}],"curies":[{"name":"wp","href":"https:\/\/api.w.org\/{rel}","templated":true}]}}