{"id":5869,"date":"2012-07-06T01:10:35","date_gmt":"2012-07-06T01:10:35","guid":{"rendered":"http:\/\/preprod.meltem-int.com\/marie\/blog\/?p=5869"},"modified":"2012-07-06T01:10:35","modified_gmt":"2012-07-06T01:10:35","slug":"je-suis-venu-appeler-non-pas-les-justes-mais-les-pecheurs","status":"publish","type":"post","link":"https:\/\/www.associationdemarie.org\/blog\/je-suis-venu-appeler-non-pas-les-justes-mais-les-pecheurs\/","title":{"rendered":"\u00ab Je suis venu appeler non pas les justes, mais les p\u00e9cheurs. \u00bb"},"content":{"rendered":"<p><a href=\"http:\/\/preprod.meltem-int.com\/marie\/blog\/wp-content\/uploads\/2012\/06\/mis\u00e9ricorde.jpg\"><img loading=\"lazy\" decoding=\"async\" class=\"alignright size-medium wp-image-5870\" title=\"mis\u00e9ricorde\" src=\"http:\/\/preprod.meltem-int.com\/marie\/blog\/wp-content\/uploads\/2012\/06\/mis\u00e9ricorde-222x300.jpg\" alt=\"\" width=\"162\" height=\"219\" \/><\/a>Voici \u00e0 quoi je reconna\u00eetrai que tu aimes le Seigneur, et que tu m&rsquo;aimes, moi, son serviteur et le tien : si n&rsquo;importe quel fr\u00e8re au monde, apr\u00e8s avoir p\u00e9ch\u00e9 autant qu&rsquo;il est possible de p\u00e9cher, peut rencontrer ton regard, demander ton pardon, et te quitter pardonn\u00e9. S&rsquo;il ne demande pas pardon, demande-lui, toi, s&rsquo;il veut \u00eatre pardonn\u00e9. Et m\u00eame si apr\u00e8s cela il p\u00e9chait encore mille fois contre toi, aime-le plus encore que tu m&rsquo;aimes, et cela pour l&rsquo;amener au Seigneur. Aie toujours piti\u00e9 de ces malheureux&#8230;<\/p>\n<p>Si un fr\u00e8re, \u00e0 l&rsquo;instigation de l&rsquo;ennemi, commet un p\u00e9ch\u00e9 grave, il sera tenu par ob\u00e9issance de recourir \u00e0 son responsable. Les fr\u00e8res qui conna\u00eetraient sa faute ne lui feront ni affront ni reproche ; ils lui t\u00e9moigneront au contraire beaucoup de bont\u00e9 et tiendront soigneusement cach\u00e9 le p\u00e9ch\u00e9 de leur fr\u00e8re, car \u00ab ce ne sont pas les bien-portants qui ont besoin de m\u00e9decin, mais les malades \u00bb (Mt 9,12)&#8230;\u00a0\u00a0Et son sup\u00e9rieur agira envers lui avec autant de bont\u00e9 qu&rsquo;il en souhaiterait pour lui s&rsquo;il \u00e9tait en un cas semblable.<\/p>\n<p>Si un fr\u00e8re tombe en quelque p\u00e9ch\u00e9 v\u00e9niel, il se confessera \u00e0 l&rsquo;un de ses fr\u00e8res pr\u00eatres. S&rsquo;il n&rsquo;y a pas de pr\u00eatre, il se confessera \u00e0 son fr\u00e8re, en attendant qu&rsquo;il trouve un pr\u00eatre pour l&rsquo;absoudre canoniquement. Les fr\u00e8res ne pourront enjoindre d&rsquo;autre p\u00e9nitence que ceci : \u00ab Va, et ne p\u00e8che plus ! \u00bb (Jn 8,11)<\/p>\n<p>Saint Fran\u00e7ois d&rsquo;Assise (1182-1226), fondateur des Fr\u00e8res mineurs<br \/>\n<em>Lettre \u00e0 un sup\u00e9rieur de l&rsquo;ordre franciscain (trad. Desbonnets et Vorreux, Documents, p. 129)<\/em><\/p>\n<p><span style=\"color: #ffffff;\"><em>.<\/em><\/span><\/p>\n<p><span style=\"color: #ffffff;\"><em>.<\/em><\/span><\/p>\n","protected":false},"excerpt":{"rendered":"<p>Voici \u00e0 quoi je reconna\u00eetrai que tu aimes le Seigneur, et que tu m&rsquo;aimes, moi, son serviteur et le tien : si n&rsquo;importe quel fr\u00e8re au monde, apr\u00e8s avoir p\u00e9ch\u00e9 autant qu&rsquo;il est possible de p\u00e9cher, peut rencontrer ton regard, demander ton pardon, et te quitter pardonn\u00e9. S&rsquo;il ne demande pas pardon, demande-lui, toi, s&rsquo;il [&hellip;]<\/p>\n","protected":false},"author":2,"featured_media":0,"comment_status":"closed","ping_status":"closed","sticky":false,"template":"","format":"standard","meta":{"footnotes":""},"categories":[3,13,28],"tags":[436,678,786,967,977,1030],"class_list":["post-5869","post","type-post","status-publish","format-standard","hentry","category-liturgique","category-ecritures","category-saints-et-saintes","tag-frere","tag-misericorde","tag-peche","tag-seigneur","tag-serviteur","tag-st-francois-dassise"],"_links":{"self":[{"href":"https:\/\/www.associationdemarie.org\/blog\/wp-json\/wp\/v2\/posts\/5869","targetHints":{"allow":["GET"]}}],"collection":[{"href":"https:\/\/www.associationdemarie.org\/blog\/wp-json\/wp\/v2\/posts"}],"about":[{"href":"https:\/\/www.associationdemarie.org\/blog\/wp-json\/wp\/v2\/types\/post"}],"author":[{"embeddable":true,"href":"https:\/\/www.associationdemarie.org\/blog\/wp-json\/wp\/v2\/users\/2"}],"replies":[{"embeddable":true,"href":"https:\/\/www.associationdemarie.org\/blog\/wp-json\/wp\/v2\/comments?post=5869"}],"version-history":[{"count":0,"href":"https:\/\/www.associationdemarie.org\/blog\/wp-json\/wp\/v2\/posts\/5869\/revisions"}],"wp:attachment":[{"href":"https:\/\/www.associationdemarie.org\/blog\/wp-json\/wp\/v2\/media?parent=5869"}],"wp:term":[{"taxonomy":"category","embeddable":true,"href":"https:\/\/www.associationdemarie.org\/blog\/wp-json\/wp\/v2\/categories?post=5869"},{"taxonomy":"post_tag","embeddable":true,"href":"https:\/\/www.associationdemarie.org\/blog\/wp-json\/wp\/v2\/tags?post=5869"}],"curies":[{"name":"wp","href":"https:\/\/api.w.org\/{rel}","templated":true}]}}