{"id":5819,"date":"2012-06-29T01:35:26","date_gmt":"2012-06-29T01:35:26","guid":{"rendered":"http:\/\/preprod.meltem-int.com\/marie\/blog\/?p=5819"},"modified":"2012-06-29T01:35:26","modified_gmt":"2012-06-29T01:35:26","slug":"st-pierre-et-st-paul-apotres-et-martyrs-solennite","status":"publish","type":"post","link":"https:\/\/www.associationdemarie.org\/blog\/st-pierre-et-st-paul-apotres-et-martyrs-solennite\/","title":{"rendered":"St Pierre et St Paul, ap\u00f4tres et martyrs &#8211; Solennit\u00e9"},"content":{"rendered":"<p>&nbsp;<\/p>\n<p><a href=\"https:\/\/www.associationdemarie.org\/blog\/wp-content\/uploads\/2012\/06\/Pierre-Paul-avec-une-ame.jpg\"><img loading=\"lazy\" decoding=\"async\" class=\"aligncenter size-medium wp-image-5820\" title=\"Pierre-Paul-avec une ame\" src=\"https:\/\/www.associationdemarie.org\/blog\/wp-content\/uploads\/2012\/06\/Pierre-Paul-avec-une-ame-300x220.jpg\" alt=\"\" width=\"300\" height=\"220\" srcset=\"https:\/\/www.associationdemarie.org\/blog\/wp-content\/uploads\/2012\/06\/Pierre-Paul-avec-une-ame-300x220.jpg 300w, https:\/\/www.associationdemarie.org\/blog\/wp-content\/uploads\/2012\/06\/Pierre-Paul-avec-une-ame.jpg 850w\" sizes=\"auto, (max-width: 300px) 100vw, 300px\" \/><\/a><\/p>\n<p><strong>\u00ab\u00a0Mais pour vous, qui suis-je\u00a0?\u00a0\u00bb (Mt 16, 15)<\/strong><br \/>\nCette question sur son identit\u00e9, J\u00e9sus la pose aux disciples, alors qu&rsquo;il se trouve avec eux en haute Galil\u00e9e. Il \u00e9tait arriv\u00e9 plusieurs fois que ce soit eux qui posent des questions \u00e0 J\u00e9sus\u00a0; d\u00e9sormais, c&rsquo;est Lui qui les interpelle. Il pose une question pr\u00e9cise, qui attend une r\u00e9ponse. C&rsquo;est Simon-Pierre qui prend la parole au nom de tous\u00a0: \u00ab\u00a0Tu es le Christ, le Fils du Dieu vivant\u00a0\u00bb (Mt 16, 16). La r\u00e9ponse est extraordinairement lucide. La foi de l&rsquo;\u00c9glise s&rsquo;y refl\u00e8te de fa\u00e7on parfaite. Nous aussi, nous nous y refl\u00e9tons. De fa\u00e7on particuli\u00e8re, dans les paroles de Pierre se refl\u00e8te l&rsquo;Ev\u00eaque de Rome, par volont\u00e9 divine son indigne successeur. (&#8230;)<\/p>\n<p><strong>\u00ab\u00a0Tu es le Christ\u00a0!\u00a0\u00bb<\/strong><br \/>\n\u00c0 la confession de Pierre, J\u00e9sus r\u00e9pond\u00a0: \u00ab\u00a0Tu es heureux Simon, fils de Jonas, car cette r\u00e9v\u00e9lation t&rsquo;est venue, non de la chair et du sang, mais de mon P\u00e8re qui est dans les cieux\u00a0\u00bb (Mt 16, 17)<br \/>\nTu es heureux, Pierre\u00a0! Heureux, car cette v\u00e9rit\u00e9, qui est centrale dans la foi de l&rsquo;\u00c9glise, ne pouvait na\u00eetre dans ta conscience d&rsquo;homme que par l&rsquo;\u0153uvre de Dieu. \u00ab\u00a0Nul ne conna\u00eet le Fils si ce n&rsquo;est le P\u00e8re, et nul ne conna\u00eet le P\u00e8re si ce n&rsquo;est le Fils, et celui \u00e0 qui le Fils veut bien le r\u00e9v\u00e9ler\u00a0\u00bb (Mt 11, 27). Nous r\u00e9fl\u00e9chissons sur cette page de l&rsquo;\u00c9vangile particuli\u00e8rement riche\u00a0: le Verbe incarn\u00e9 avait r\u00e9v\u00e9l\u00e9 le P\u00e8re \u00e0 ses disciples\u00a0; \u00e0 pr\u00e9sent est venu le moment o\u00f9 le P\u00e8re lui-m\u00eame leur r\u00e9v\u00e8le son Fils unique. Pierre accueille l&rsquo;illumination int\u00e9rieure et proclame avec courage\u00a0: \u00ab\u00a0Tu es le Christ, le Fils du Dieu vivant\u00a0\u00bb\u00a0! Ces paroles sur les l\u00e8vres de Pierre proviennent du plus profond du myst\u00e8re de Dieu. Elles r\u00e9v\u00e8lent l&rsquo;intime v\u00e9rit\u00e9, la vie m\u00eame de Dieu. Et Pierre, sous l&rsquo;action de l&rsquo;Esprit divin, devient t\u00e9moin et confesseur de cette v\u00e9rit\u00e9 surhumaine. Sa profession de foi constitue ainsi la base solide de la foi de l&rsquo;\u00c9glise \u00ab\u00a0Sur toi je b\u00e2tirai mon \u00c9glise\u00a0\u00bb (cf. Mt 16, 18). Sur la foi et sur la fid\u00e9lit\u00e9 de Pierre est \u00e9difi\u00e9e l&rsquo;\u00c9glise du Christ. La premi\u00e8re communaut\u00e9 chr\u00e9tienne en \u00e9tait bien consciente, elle qui, comme le rapportent les Actes des Ap\u00f4tres, lorsque Pierre se retrouva en prison, se recueillit pour \u00e9lever \u00e0 Dieu une pri\u00e8re implorante pour lui (cf. Ac 12, 5). Elle fut \u00e9cout\u00e9e, car la pr\u00e9sence de Pierre \u00e9tait encore n\u00e9cessaire \u00e0 la communaut\u00e9 qui accomplissait ses premiers pas\u00a0: le Seigneur envoya son ange le lib\u00e9rer des mains des pers\u00e9cuteurs (cf. ibid., 12, 7-11). Il \u00e9tait \u00e9crit dans les desseins de Dieu que Pierre, apr\u00e8s avoir confirm\u00e9 longuement ses fr\u00e8res dans la foi, souffrirait le martyre ici \u00e0 Rome, avec Paul, l&rsquo;Ap\u00f4tre des Nations, ayant lui aussi \u00e9chapp\u00e9 plusieurs fois \u00e0 la mort.<\/p>\n<p><strong>\u00ab\u00a0Le Seigneur lui, m&rsquo;a assist\u00e9 et m&rsquo;a rempli de force afin que, par moi, le message f\u00fbt proclam\u00e9 et qu&rsquo;il parv\u00eent aux oreilles de tous les pa\u00efens\u00a0\u00bb (2 Tm 4, 17) <\/strong><br \/>\nCe sont les paroles de Paul au fid\u00e8le disciple. Elles t\u00e9moignent de l&rsquo;\u0153uvre qui a \u00e9t\u00e9 accomplie en lui par le Seigneur, qui l&rsquo;avait choisi comme ministre de l&rsquo;\u00c9vangile, \u00ab\u00a0le saisissant\u00a0\u00bb sur la route de Damas (cf. Ph 3, 12). Envelopp\u00e9 dans une lumi\u00e8re fulgurante, le Seigneur s&rsquo;\u00e9tait pr\u00e9sent\u00e9 \u00e0 lui, disant\u00a0: \u00ab\u00a0Saoul, Saoul, pourquoi me pers\u00e9cutes-tu\u00a0?\u00a0\u00bb (Ac 9, 4), tandis qu&rsquo;une puissance myst\u00e9rieuse le jetait \u00e0 terre (cf. Ac 9, 5). \u00ab\u00a0Qui es-tu, Seigneur\u00a0?\u00a0\u00bb, avait demand\u00e9 Saoul. \u00ab\u00a0Je suis J\u00e9sus que tu pers\u00e9cutes\u00a0\u00bb\u00a0! (Ac 9, 5). Telle fut la r\u00e9ponse du Christ. Saoul pers\u00e9cutait les fid\u00e8les de J\u00e9sus et J\u00e9sus lui faisait savoir que c&rsquo;\u00e9tait Lui-m\u00eame qui \u00e9tait pers\u00e9cut\u00e9 \u00e0 travers eux. Lui, J\u00e9sus de Nazareth, le Crucifi\u00e9, que les chr\u00e9tiens affirmaient \u00eatre ressuscit\u00e9. Si, \u00e0 pr\u00e9sent, Saoul en ressentait la puissante pr\u00e9sence, il \u00e9tait clair que Dieu l&rsquo;avait r\u00e9ellement ressuscit\u00e9 des morts. C&rsquo;est v\u00e9ritablement Lui le Messie attendu par Isra\u00ebl, c&rsquo;\u00e9tait Lui le Christ vivant et pr\u00e9sent dans l&rsquo;\u00c9glise et dans le monde\u00a0! Saoul aurait-il pu par sa seule raison comprendre tout ce qu&rsquo;un tel \u00e9v\u00e9nement comportait\u00a0? Certainement pas\u00a0! Cela faisait partie en effet des desseins myst\u00e9rieux de Dieu. Ce sera le P\u00e8re qui donnera \u00e0 Paul la gr\u00e2ce de conna\u00eetre le myst\u00e8re de la r\u00e9demption, op\u00e9r\u00e9e par le Christ. Ce sera Dieu qui lui permettra de comprendre la r\u00e9alit\u00e9 merveilleuse de l&rsquo;\u00c9glise, qui vit pour le Christ, avec le Christ et dans le Christ. Et lui, participant \u00e0 cette v\u00e9rit\u00e9, ne cessera de la proclamer inlassablement jusqu&rsquo;aux extr\u00e9mit\u00e9s de la terre. De Damas, Paul commencera son itin\u00e9raire apostolique qui le conduira \u00e0 diffuser l&rsquo;\u00c9vangile dans tant de parties du monde alors connu. Son \u00e9lan missionnaire contribuera ainsi \u00e0 la r\u00e9alisation du mandat du Christ aux Ap\u00f4tres\u00a0: \u00ab\u00a0Allez donc, de toutes les nations faites des disciples\u00a0\u00bb (Mt 28, 19). (&#8230;)<\/p>\n<p><strong>La pleine unit\u00e9 de l&rsquo;\u00c9glise\u00a0!<\/strong><br \/>\nJe sens retentir en moi la consigne du Christ. Il s&rsquo;agit d&rsquo;une consigne \u00f4 combien urgente en ce d\u00e9but de nouveau mill\u00e9naire. Prions pour cela, et \u0153uvrons sans jamais nous lasser d&rsquo;esp\u00e9rer. (&#8230;)<br \/>\nQue Dieu nous accorde de parvenir le plus t\u00f4t possible \u00e0 la pleine unit\u00e9 de tous les croyants dans le Christ. Que les Ap\u00f4tres Pierre et Paul nous obtiennent ce don, eux que l&rsquo;\u00c9glise rappelle en ce jour, au cours duquel on fait m\u00e9moire de leur martyre, et donc de leur naissance dans la vie de Dieu. Pour l&rsquo;\u00c9vangile, ils ont accept\u00e9 de souffrir et de mourir et ils ont particip\u00e9 \u00e0 la r\u00e9surrection du Seigneur. Leur foi, confirm\u00e9e par le martyre, est la m\u00eame foi que Marie, la M\u00e8re des croyants, des Ap\u00f4tres, des saints et des saintes de tous les si\u00e8cles. Aujourd&rsquo;hui, l&rsquo;\u00c9glise proclame \u00e0 nouveau leur foi. Il s&rsquo;agit de notre foi, la foi immuable de l&rsquo;\u00c9glise en J\u00e9sus, unique Sauveur du monde\u00a0; dans le Christ, le Fils du Dieu vivant, mort et ressuscit\u00e9 pour nous et pour toute l&rsquo;humanit\u00e9.<\/p>\n<p><span style=\"color: #ffffff;\">.<\/span><br \/>\nHom\u00e9lie du Bx Jean-Paul 2 (29 juin 2000)<br \/>\nSite officiel du Vatican &#8211; Copyright \u00a9 Libreria Editrice Vaticana<\/p>\n<p>&nbsp;<\/p>\n","protected":false},"excerpt":{"rendered":"<p>&nbsp; \u00ab\u00a0Mais pour vous, qui suis-je\u00a0?\u00a0\u00bb (Mt 16, 15) Cette question sur son identit\u00e9, J\u00e9sus la pose aux disciples, alors qu&rsquo;il se trouve avec eux en haute Galil\u00e9e. Il \u00e9tait arriv\u00e9 plusieurs fois que ce soit eux qui posent des questions \u00e0 J\u00e9sus\u00a0; d\u00e9sormais, c&rsquo;est Lui qui les interpelle. Il pose une question pr\u00e9cise, qui [&hellip;]<\/p>\n","protected":false},"author":2,"featured_media":0,"comment_status":"closed","ping_status":"closed","sticky":false,"template":"","format":"standard","meta":{"footnotes":""},"categories":[2,3,13,28],"tags":[158,220,261,336,1068,1071],"class_list":["post-5819","post","type-post","status-publish","format-standard","hentry","category-actualites","category-liturgique","category-ecritures","category-saints-et-saintes","tag-bienheureux-jean-paul-2","tag-christ","tag-conversion","tag-eglise","tag-st-paul","tag-st-pierre"],"_links":{"self":[{"href":"https:\/\/www.associationdemarie.org\/blog\/wp-json\/wp\/v2\/posts\/5819","targetHints":{"allow":["GET"]}}],"collection":[{"href":"https:\/\/www.associationdemarie.org\/blog\/wp-json\/wp\/v2\/posts"}],"about":[{"href":"https:\/\/www.associationdemarie.org\/blog\/wp-json\/wp\/v2\/types\/post"}],"author":[{"embeddable":true,"href":"https:\/\/www.associationdemarie.org\/blog\/wp-json\/wp\/v2\/users\/2"}],"replies":[{"embeddable":true,"href":"https:\/\/www.associationdemarie.org\/blog\/wp-json\/wp\/v2\/comments?post=5819"}],"version-history":[{"count":0,"href":"https:\/\/www.associationdemarie.org\/blog\/wp-json\/wp\/v2\/posts\/5819\/revisions"}],"wp:attachment":[{"href":"https:\/\/www.associationdemarie.org\/blog\/wp-json\/wp\/v2\/media?parent=5819"}],"wp:term":[{"taxonomy":"category","embeddable":true,"href":"https:\/\/www.associationdemarie.org\/blog\/wp-json\/wp\/v2\/categories?post=5819"},{"taxonomy":"post_tag","embeddable":true,"href":"https:\/\/www.associationdemarie.org\/blog\/wp-json\/wp\/v2\/tags?post=5819"}],"curies":[{"name":"wp","href":"https:\/\/api.w.org\/{rel}","templated":true}]}}