{"id":5768,"date":"2012-06-16T04:22:29","date_gmt":"2012-06-16T04:22:29","guid":{"rendered":"http:\/\/preprod.meltem-int.com\/marie\/blog\/?p=5768"},"modified":"2012-06-16T04:22:29","modified_gmt":"2012-06-16T04:22:29","slug":"coeur-immacule-de-marie-memoire-2","status":"publish","type":"post","link":"https:\/\/www.associationdemarie.org\/blog\/coeur-immacule-de-marie-memoire-2\/","title":{"rendered":"C\u0152UR IMMACUL\u00c9 de MARIE M\u00e9moire"},"content":{"rendered":"<p><a href=\"https:\/\/www.associationdemarie.org\/blog\/wp-content\/uploads\/2012\/06\/Cuore_Immacolato_della_Beata_Vergine_Maria_L.jpg\"><img loading=\"lazy\" decoding=\"async\" class=\"alignright size-medium wp-image-5769\" title=\"Cuore_Immacolato_della_Beata_Vergine_Maria_L\" src=\"https:\/\/www.associationdemarie.org\/blog\/wp-content\/uploads\/2012\/06\/Cuore_Immacolato_della_Beata_Vergine_Maria_L-219x300.jpg\" alt=\"\" width=\"219\" height=\"300\" srcset=\"https:\/\/www.associationdemarie.org\/blog\/wp-content\/uploads\/2012\/06\/Cuore_Immacolato_della_Beata_Vergine_Maria_L-219x300.jpg 219w, https:\/\/www.associationdemarie.org\/blog\/wp-content\/uploads\/2012\/06\/Cuore_Immacolato_della_Beata_Vergine_Maria_L.jpg 512w\" sizes=\"auto, (max-width: 219px) 100vw, 219px\" \/><\/a>La propagation de la d\u00e9votion au C\u0153ur de Marie remonte au XVIIe si\u00e8cle o\u00f9 saint Jean Eudes la propagea en l&rsquo;unissant \u00e0 celle du Sacr\u00e9-C\u0153ur de J\u00e9sus.<\/p>\n<p>Au cours du XIXe si\u00e8cle, sa saintet\u00e9 Pie VII d&rsquo;abord, et Pie IX ensuite, accord\u00e8rent \u00e0 plusieurs \u00e9glises une f\u00eate du C\u0153ur tr\u00e8s pur de Marie fix\u00e9e au dimanche dans l&rsquo;octave de l&rsquo;Assomption, puis au samedi suivant la f\u00eate du Sacr\u00e9-C\u0153ur. Le 13 juillet 1917, la Sainte Vierge apparaissait au Portugal pour d\u00e9clarer aux petits voyants de Fatima que Dieu voulait \u00e9tablir la d\u00e9votion \u00e0 son C\u0153ur immacul\u00e9 pour le salut du monde. Elle demanda aux chr\u00e9tiens la pratique du premier samedi du mois par la communion r\u00e9paratrice et la r\u00e9citation du chapelet accompagn\u00e9e de la m\u00e9ditation des myst\u00e8res du Rosaire.<\/p>\n<p>Le 31 octobre 1942, le jour de la cl\u00f4ture solennelle du Jubil\u00e9 des Apparitions de Fatima, le pape Pie XII s&rsquo;exprimant \u00e0 la radio, consacra le monde au C\u0153ur immacul\u00e9 de Marie pour r\u00e9pondre \u00e0 l&rsquo;appel de notre M\u00e8re du ciel. Il renouvela ce geste important le 8 d\u00e9cembre 1942. En 1944, en pleine guerre mondiale, le m\u00eame souverain pontife consacrait encore tout le genre humain au C\u0153ur immacul\u00e9 de Marie pour le mettre sous sa toute-puissante protection. \u00c0 l&rsquo;occasion de cette m\u00eame c\u00e9r\u00e9monie, il d\u00e9cr\u00e9ta que l&rsquo;\u00c9glise enti\u00e8re c\u00e9l\u00e9brerait chaque ann\u00e9e une f\u00eate en l&rsquo;honneur du C\u0153ur immacul\u00e9 de Marie afin d&rsquo;obtenir par l&rsquo;intercession de la Tr\u00e8s Sainte Vierge, \u00ab\u00a0la paix des nations, la libert\u00e9 de l&rsquo;\u00c9glise, la conversion des p\u00e9cheurs, l&rsquo;amour de la puret\u00e9 et la pratique des vertus.\u00a0\u00bb Il fixa la date de cette f\u00eate au 22 ao\u00fbt, jour octave de la f\u00eate de l&rsquo;Assomption.<\/p>\n<p>En cr\u00e9ant la tr\u00e8s Sainte Vierge, la Trinit\u00e9 Sainte a pu contempler le ravissant spectacle d&rsquo;un c\u0153ur qui d\u00e8s son premier battement n&rsquo;aima que son Dieu, et l&rsquo;aima \u00e0 lui seul plus que tous les anges et les saints ensemble ne l&rsquo;aimeront jamais. \u00ab\u00a0Le P\u00e8re, dit saint Jean Eudes, a d\u00e9ploy\u00e9 sa puissance pour former un c\u0153ur de fille plein de respect et de fid\u00e9lit\u00e9 envers son Cr\u00e9ateur. Le Fils en fit un c\u0153ur de M\u00e8re et l&rsquo;Esprit-Saint en fit un c\u0153ur d&rsquo;\u00e9pouse pour y c\u00e9l\u00e9brer ses noces ineffables.\u00a0\u00bb La gloire de la fille du roi, disent les Livres Saints, est toute int\u00e9rieure et cach\u00e9e, autrement dit, elle est toute en son c\u0153ur. L\u00e0 se trouvent toutes les perfections des anges et des hommes, dans un tel degr\u00e9 d&rsquo;excellence que rien n&rsquo;y peut \u00eatre compar\u00e9. L\u00e0 se trouvent les perfections de Dieu m\u00eame, aussi fid\u00e8lement retrac\u00e9es qu&rsquo;elles peuvent l&rsquo;\u00eatre dans une simple cr\u00e9ature.<\/p>\n<p>La bont\u00e9 et la mis\u00e9ricorde pr\u00e9sident parmi les vertus dont Dieu a orn\u00e9 le C\u0153ur immacul\u00e9 de sa M\u00e8re. Aussi tout p\u00e9cheur trouve en elle un refuge assur\u00e9. Ce C\u0153ur qui nous a tant aim\u00e9s n&rsquo;a point \u00e9t\u00e9 fl\u00e9tri dans le tombeau comme celui des autres mortels. Ses mouvements n&rsquo;ont \u00e9t\u00e9 qu&rsquo;un seul instant suspendus sous le souffle de la mort. Il vit aujourd&rsquo;hui palpitant d&rsquo;un amour infini, inond\u00e9 de c\u00e9lestes d\u00e9lices au sein de la gloire immortelle o\u00f9 il continue de nous aimer avec pr\u00e9dilection.<\/p>\n<p>Comme la sainte \u00c9glise nous le recommande aujourd&rsquo;hui au moyen de la belle f\u00eate du C\u0153ur immacul\u00e9 de Marie, vouons un culte sp\u00e9cial de v\u00e9n\u00e9ration et d&rsquo;amour \u00e0 ce c\u0153ur magnanime, le plus noble le plus g\u00e9n\u00e9reux qui soit sorti des mains du Cr\u00e9ateur. Supplions-le donc de nous apprendre \u00e0 aimer J\u00e9sus, \u00e0 souffrir pour Lui, \u00e0 supporter avec amour et r\u00e9signation les peines de la vie, les souffrances et les croix qu&rsquo;il plaira \u00e0 Dieu de nous envoyer. Recourons donc sans cesse \u00e0 ce c\u0153ur incomparable et nous exp\u00e9rimenterons infailliblement sa b\u00e9nignit\u00e9, sa mansu\u00e9tude et sa tendresse.<\/p>\n<p><strong>Cons\u00e9cration au C\u0153ur immacul\u00e9 de Marie, institu\u00e9e par le Pape Pie XII.<\/strong><\/p>\n<p>Reine du tr\u00e8s saint Rosaire, secours des chr\u00e9tiens, refuge du genre humain, victorieuses de toutes les batailles de Dieu, nous voici prostern\u00e9s suppliants aux pieds de votre tr\u00f4ne, dans la certitude de recevoir les gr\u00e2ces, l&rsquo;aide et la protection opportunes dans les calamit\u00e9s pr\u00e9sentes, non en vertu de nos m\u00e9rites, dont nous ne saurions nous pr\u00e9valoir, mais uniquement par l&rsquo;effet de l&rsquo;immense bont\u00e9 de votre c\u0153ur maternel.<br \/>\nC&rsquo;est \u00e0 vous, c&rsquo;est \u00e0 votre C\u0153ur immacul\u00e9, qu&rsquo;en cette heure tragique de l&rsquo;histoire humaine, nous nous confions et nous nous consacrons, non seulement en union avec la Sainte \u00c9glise &#8211; corps mystique de votre Fils J\u00e9sus &#8211; qui souffre et verse son sang, en proie aux tribulations en tant de lieux et de tant de mani\u00e8res, mais en union aussi avec le monde entier, d\u00e9chir\u00e9 par de farouches discordes, embras\u00e9 d&rsquo;un incendie de haine et victime de ses propres iniquit\u00e9s.<br \/>\nLaissez-vous toucher par tant de ruines mat\u00e9rielles et morales, par tant de douleurs, tant d&rsquo;angoisses de p\u00e8res et de m\u00e8res, de fr\u00e8res, d&rsquo;enfants innocents, par tant de vies fauch\u00e9es dans la fleur de l&rsquo;\u00e2ge, tant d&rsquo;\u00e2mes tortur\u00e9es et agonisantes, tant d&rsquo;autres en p\u00e9ril de se perdre \u00e9ternellement.<br \/>\n\u00d4 M\u00e8re de mis\u00e9ricorde, obtenez-nous de Dieu la paix, et surtout les gr\u00e2ces qui peuvent en un instant convertir le c\u0153ur des hommes, ces gr\u00e2ces qui pr\u00e9parent, concilient, assurent la paix\u00a0! Reine de la paix, priez pour nous et donnez au monde en guerre la paix apr\u00e8s laquelle les peuples soupirent, la paix dans la v\u00e9rit\u00e9, dans la justice, dans la charit\u00e9 du Christ.<br \/>\nDonnez-lui la paix des armes et la paix des \u00e2mes, afin que dans la tranquillit\u00e9 de l&rsquo;ordre s&rsquo;\u00e9tende le r\u00e8gne de Dieu. Accordez votre protection aux infid\u00e8les et \u00e0 tous ceux qui gisent encore dans les ombres de la mort\u00a0; donnez-leur la paix, faites que se l\u00e8ve pour eux le soleil de la v\u00e9rit\u00e9 et qu&rsquo;ils puissent avec nous, devant l&rsquo;unique Sauveur du monde, r\u00e9p\u00e9ter\u00a0: Gloire \u00e0 Dieu au plus haut des cieux et paix sur terre aux hommes de bonne volont\u00e9\u00a0! Aux peuples s\u00e9par\u00e9s par l&rsquo;erreur ou par la discorde, particuli\u00e8rement \u00e0 ceux qui professent pour vous une singuli\u00e8re d\u00e9votion et chez lesquels il n&rsquo;y avait pas de maison qui n&rsquo;honor\u00e2t votre v\u00e9n\u00e9rable ic\u00f4ne (peut-\u00eatre aujourd&rsquo;hui cach\u00e9e et r\u00e9serv\u00e9e pour des jours meilleurs), donnez la paix et reconduisez-les \u00e0 l&rsquo;unique bercail du Christ, sous l&rsquo;unique vrai Pasteur.<br \/>\nObtenez \u00e0 la sainte \u00c9glise de Dieu une paix et une libert\u00e9 compl\u00e8tes\u00a0; arr\u00eatez les d\u00e9bordements du d\u00e9luge n\u00e9o-pa\u00efen\u00a0; d\u00e9veloppez dans le c\u0153ur des fid\u00e8les l&rsquo;amour de la puret\u00e9, la pratique de la vie chr\u00e9tienne et le z\u00e8le apostolique, afin que le peuple des serviteurs de Dieu augmente en m\u00e9rite et en nombre.<br \/>\nEnfin, de m\u00eame qu&rsquo;au c\u0153ur\u00a0de votre Fils J\u00e9sus furent consacr\u00e9s l&rsquo;\u00c9glise et le genre humain tout entier, afin que, toutes les esp\u00e9rances \u00e9tant plac\u00e9es en lui, il dev\u00eent pour eux signe et gage de victoire et de salut, ainsi et pour toujours nous nous consacrons \u00e0 vous, \u00e0 votre C\u0153ur immacul\u00e9, \u00f4 notre M\u00e8re et Reine du monde, pour que votre amour et votre protection h\u00e2tent le triomphe du r\u00e8gne de Dieu et que toutes les nations, en paix entre elles et avec Dieu, vous proclament bienheureuse et entonnent avec vous, d&rsquo;une extr\u00e9mit\u00e9 du monde \u00e0 l&rsquo;autre, l&rsquo;\u00e9ternel Magnificat de gloire \u00e0 celui en qui seul elles peuvent trouver la v\u00e9rit\u00e9, la vie et la paix.<\/p>\n<p><span style=\"color: #ffffff;\">.<\/span><\/p>\n<p><span style=\"color: #ffffff;\">.<\/span><\/p>\n","protected":false},"excerpt":{"rendered":"<p>La propagation de la d\u00e9votion au C\u0153ur de Marie remonte au XVIIe si\u00e8cle o\u00f9 saint Jean Eudes la propagea en l&rsquo;unissant \u00e0 celle du Sacr\u00e9-C\u0153ur de J\u00e9sus. Au cours du XIXe si\u00e8cle, sa saintet\u00e9 Pie VII d&rsquo;abord, et Pie IX ensuite, accord\u00e8rent \u00e0 plusieurs \u00e9glises une f\u00eate du C\u0153ur tr\u00e8s pur de Marie fix\u00e9e au [&hellip;]<\/p>\n","protected":false},"author":2,"featured_media":0,"comment_status":"closed","ping_status":"closed","sticky":false,"template":"","format":"standard","meta":{"footnotes":""},"categories":[3,28],"tags":[336,915,939,1046],"class_list":["post-5768","post","type-post","status-publish","format-standard","hentry","category-liturgique","category-saints-et-saintes","tag-eglise","tag-sacre-coeur-de-marie","tag-sainte-trinite","tag-st-jean-eudes"],"_links":{"self":[{"href":"https:\/\/www.associationdemarie.org\/blog\/wp-json\/wp\/v2\/posts\/5768","targetHints":{"allow":["GET"]}}],"collection":[{"href":"https:\/\/www.associationdemarie.org\/blog\/wp-json\/wp\/v2\/posts"}],"about":[{"href":"https:\/\/www.associationdemarie.org\/blog\/wp-json\/wp\/v2\/types\/post"}],"author":[{"embeddable":true,"href":"https:\/\/www.associationdemarie.org\/blog\/wp-json\/wp\/v2\/users\/2"}],"replies":[{"embeddable":true,"href":"https:\/\/www.associationdemarie.org\/blog\/wp-json\/wp\/v2\/comments?post=5768"}],"version-history":[{"count":0,"href":"https:\/\/www.associationdemarie.org\/blog\/wp-json\/wp\/v2\/posts\/5768\/revisions"}],"wp:attachment":[{"href":"https:\/\/www.associationdemarie.org\/blog\/wp-json\/wp\/v2\/media?parent=5768"}],"wp:term":[{"taxonomy":"category","embeddable":true,"href":"https:\/\/www.associationdemarie.org\/blog\/wp-json\/wp\/v2\/categories?post=5768"},{"taxonomy":"post_tag","embeddable":true,"href":"https:\/\/www.associationdemarie.org\/blog\/wp-json\/wp\/v2\/tags?post=5768"}],"curies":[{"name":"wp","href":"https:\/\/api.w.org\/{rel}","templated":true}]}}