{"id":5765,"date":"2012-06-15T04:17:36","date_gmt":"2012-06-15T04:17:36","guid":{"rendered":"http:\/\/preprod.meltem-int.com\/marie\/blog\/?p=5765"},"modified":"2012-06-15T04:17:36","modified_gmt":"2012-06-15T04:17:36","slug":"sacre-coeur-de-jesus-solennite","status":"publish","type":"post","link":"https:\/\/www.associationdemarie.org\/blog\/sacre-coeur-de-jesus-solennite\/","title":{"rendered":"Sacr\u00e9-Coeur de J\u00e9sus, solennit\u00e9"},"content":{"rendered":"<p><a href=\"https:\/\/www.associationdemarie.org\/blog\/wp-content\/uploads\/2010\/08\/Sacr\u00e9-Coeur2.jpg\"><img loading=\"lazy\" decoding=\"async\" class=\"aligncenter size-medium wp-image-1388\" title=\"Sacr\u00e9 Coeur2\" src=\"https:\/\/www.associationdemarie.org\/blog\/wp-content\/uploads\/2010\/08\/Sacr\u00e9-Coeur2-278x300.jpg\" alt=\"\" width=\"278\" height=\"300\" srcset=\"https:\/\/www.associationdemarie.org\/blog\/wp-content\/uploads\/2010\/08\/Sacr\u00e9-Coeur2-278x300.jpg 278w, https:\/\/www.associationdemarie.org\/blog\/wp-content\/uploads\/2010\/08\/Sacr\u00e9-Coeur2-950x1024.jpg 950w, https:\/\/www.associationdemarie.org\/blog\/wp-content\/uploads\/2010\/08\/Sacr\u00e9-Coeur2.jpg 1857w\" sizes=\"auto, (max-width: 278px) 100vw, 278px\" \/><\/a><\/p>\n<p><strong>\u00c9vangile de J\u00e9sus-Christ selon saint Jean\u00a0<span dir=\"ltr\">19,31-37.<\/span> <\/strong><br \/>\n<span>J<\/span>\u00e9sus venait de mourir. Comme c&rsquo;\u00e9tait le vendredi, il ne fallait pas laisser des corps en croix durant le sabbat (d&rsquo;autant plus que ce sabbat \u00e9tait le grand jour de la P\u00e2que). Aussi les Juifs demand\u00e8rent \u00e0 Pilate qu&rsquo;on enl\u00e8ve les corps apr\u00e8s leur avoir bris\u00e9 les jambes.<br \/>\nDes soldats all\u00e8rent donc briser les jambes du premier, puis du deuxi\u00e8me des condamn\u00e9s que l&rsquo;on avait crucifi\u00e9s avec J\u00e9sus.<br \/>\nQuand ils arriv\u00e8rent \u00e0 celui-ci, voyant qu&rsquo;il \u00e9tait d\u00e9j\u00e0 mort, ils ne lui bris\u00e8rent pas les jambes,<br \/>\nmais un des soldats avec sa lance lui per\u00e7a le c\u00f4t\u00e9\u00a0; et aussit\u00f4t, il en sortit du sang et de l&rsquo;eau.<br \/>\nCelui qui a vu rend t\u00e9moignage, afin que vous croyiez vous aussi. (Son t\u00e9moignage est v\u00e9ridique et le Seigneur sait qu&rsquo;il dit vrai.)<br \/>\nTout cela est arriv\u00e9 afin que cette parole de l&rsquo;\u00c9criture s&rsquo;accomplisse\u00a0: Aucun de ses os ne sera bris\u00e9.<br \/>\nEt un autre passage dit encore\u00a0: Ils l\u00e8veront les yeux vers celui qu&rsquo;ils ont transperc\u00e9.<\/p>\n","protected":false},"excerpt":{"rendered":"<p>\u00c9vangile de J\u00e9sus-Christ selon saint Jean\u00a019,31-37. J\u00e9sus venait de mourir. Comme c&rsquo;\u00e9tait le vendredi, il ne fallait pas laisser des corps en croix durant le sabbat (d&rsquo;autant plus que ce sabbat \u00e9tait le grand jour de la P\u00e2que). Aussi les Juifs demand\u00e8rent \u00e0 Pilate qu&rsquo;on enl\u00e8ve les corps apr\u00e8s leur avoir bris\u00e9 les jambes. Des [&hellip;]<\/p>\n","protected":false},"author":2,"featured_media":0,"comment_status":"closed","ping_status":"closed","sticky":false,"template":"","format":"standard","meta":{"footnotes":""},"categories":[3],"tags":[274,914,957,1041,1177],"class_list":["post-5765","post","type-post","status-publish","format-standard","hentry","category-liturgique","tag-croix","tag-sacre-coeur-de-jesus","tag-sang-et-eau","tag-st-jean","tag-vendredi-saint"],"_links":{"self":[{"href":"https:\/\/www.associationdemarie.org\/blog\/wp-json\/wp\/v2\/posts\/5765","targetHints":{"allow":["GET"]}}],"collection":[{"href":"https:\/\/www.associationdemarie.org\/blog\/wp-json\/wp\/v2\/posts"}],"about":[{"href":"https:\/\/www.associationdemarie.org\/blog\/wp-json\/wp\/v2\/types\/post"}],"author":[{"embeddable":true,"href":"https:\/\/www.associationdemarie.org\/blog\/wp-json\/wp\/v2\/users\/2"}],"replies":[{"embeddable":true,"href":"https:\/\/www.associationdemarie.org\/blog\/wp-json\/wp\/v2\/comments?post=5765"}],"version-history":[{"count":0,"href":"https:\/\/www.associationdemarie.org\/blog\/wp-json\/wp\/v2\/posts\/5765\/revisions"}],"wp:attachment":[{"href":"https:\/\/www.associationdemarie.org\/blog\/wp-json\/wp\/v2\/media?parent=5765"}],"wp:term":[{"taxonomy":"category","embeddable":true,"href":"https:\/\/www.associationdemarie.org\/blog\/wp-json\/wp\/v2\/categories?post=5765"},{"taxonomy":"post_tag","embeddable":true,"href":"https:\/\/www.associationdemarie.org\/blog\/wp-json\/wp\/v2\/tags?post=5765"}],"curies":[{"name":"wp","href":"https:\/\/api.w.org\/{rel}","templated":true}]}}