{"id":5733,"date":"2018-06-12T01:40:49","date_gmt":"2018-06-12T00:40:49","guid":{"rendered":"http:\/\/preprod.meltem-int.com\/marie\/blog\/?p=5733"},"modified":"2018-05-28T07:03:47","modified_gmt":"2018-05-28T06:03:47","slug":"vous-etes-le-sel-de-la-terre-vous-etes-la-lumiere-du-monde","status":"publish","type":"post","link":"https:\/\/www.associationdemarie.org\/blog\/vous-etes-le-sel-de-la-terre-vous-etes-la-lumiere-du-monde\/","title":{"rendered":"\u00ab Vous \u00eates le sel de la terre. Vous \u00eates la lumi\u00e8re du monde. \u00bb"},"content":{"rendered":"<p>&nbsp;<\/p>\n<p><img loading=\"lazy\" decoding=\"async\" class=\"aligncenter size-full wp-image-16417\" src=\"https:\/\/www.associationdemarie.org\/blog\/wp-content\/uploads\/2012\/06\/sale-e-luce.jpg\" alt=\"\" width=\"510\" height=\"533\" srcset=\"https:\/\/www.associationdemarie.org\/blog\/wp-content\/uploads\/2012\/06\/sale-e-luce.jpg 510w, https:\/\/www.associationdemarie.org\/blog\/wp-content\/uploads\/2012\/06\/sale-e-luce-287x300.jpg 287w\" sizes=\"auto, (max-width: 510px) 100vw, 510px\" \/><\/p>\n<p>Le Seigneur a dit \u00e0 ses ap\u00f4tres : \u00ab Vous \u00eates la lumi\u00e8re du monde \u00bb. Comme elles sont justes les comparaisons que le Seigneur emploie pour d\u00e9signer nos p\u00e8res dans la foi ! Il les appelle \u00ab sel \u00bb, eux qui nous enseignent la sagesse de Dieu, et \u00ab lumi\u00e8re \u00bb, eux qui chassent de nos c\u0153urs l&rsquo;aveuglement et les t\u00e9n\u00e8bres de notre incr\u00e9dulit\u00e9. C&rsquo;est donc \u00e0 juste titre que les ap\u00f4tres re\u00e7oivent le nom de lumi\u00e8re : ils annoncent dans l&rsquo;obscurit\u00e9 du monde la clart\u00e9 du ciel et la splendeur de l&rsquo;\u00e9ternit\u00e9. Pierre n&rsquo;est-il pas devenu pour le monde entier et pour tous les fid\u00e8les une lumi\u00e8re, quand il a dit au Seigneur : \u00ab Tu es le Christ, le Fils du Dieu vivant \u00bb ? (Mt 16,16) Quelle plus grande clart\u00e9 le genre humain aurait-il pu recevoir, que d&rsquo;apprendre par Pierre que le Fils du Dieu vivant \u00e9tait le cr\u00e9ateur de sa lumi\u00e8re ?<\/p>\n<p><a href=\"https:\/\/www.associationdemarie.org\/blog\/wp-content\/uploads\/2012\/05\/sel-de-la-terre.gif\"><img loading=\"lazy\" decoding=\"async\" class=\"alignright wp-image-5734\" title=\"sel de la terre\" src=\"https:\/\/www.associationdemarie.org\/blog\/wp-content\/uploads\/2012\/05\/sel-de-la-terre-300x232.gif\" alt=\"\" width=\"127\" height=\"98\" srcset=\"https:\/\/www.associationdemarie.org\/blog\/wp-content\/uploads\/2012\/05\/sel-de-la-terre-300x232.gif 300w, https:\/\/www.associationdemarie.org\/blog\/wp-content\/uploads\/2012\/05\/sel-de-la-terre-1024x792.gif 1024w\" sizes=\"auto, (max-width: 127px) 100vw, 127px\" \/><\/a>Et saint Paul n&rsquo;est pas une moins grande lumi\u00e8re pour le monde : alors que toute la terre \u00e9tait aveugl\u00e9e par les t\u00e9n\u00e8bres de la malfaisance, il est mont\u00e9 jusqu&rsquo;au ciel (2Co 12,2) et, \u00e0 son retour, il a r\u00e9v\u00e9l\u00e9 les myst\u00e8res de la splendeur \u00e9ternelle. C&rsquo;est pourquoi il n&rsquo;a pu ni se cacher, telle la ville fond\u00e9e sur une montagne, ni se laisser mettre sous le boisseau, car le Christ, par la lumi\u00e8re de sa majest\u00e9, l&rsquo;avait enflamm\u00e9 comme une lampe de choix, remplie de l&rsquo;huile du Saint Esprit. C&rsquo;est pourquoi, mes bien-aim\u00e9s, si, renon\u00e7ant aux illusions de ce monde, nous avons \u00e0 c\u0153ur de rechercher la saveur de la sagesse de Dieu, go\u00fbtons au sel des ap\u00f4tres.<\/p>\n<p>Sermon atttribu\u00e9 \u00e0 saint Maxime de Turin (?-v. 420), \u00e9v\u00eaque<br \/>\n<em>(trad. in Kephas, vol. 1, p. 554 rev.)<\/em><\/p>\n<p>&nbsp;<\/p>\n<p>&nbsp;<\/p>\n<p>&nbsp;<\/p>\n","protected":false},"excerpt":{"rendered":"<p>&nbsp; Le Seigneur a dit \u00e0 ses ap\u00f4tres : \u00ab Vous \u00eates la lumi\u00e8re du monde \u00bb. Comme elles sont justes les comparaisons que le Seigneur emploie pour d\u00e9signer nos p\u00e8res dans la foi ! Il les appelle \u00ab sel \u00bb, eux qui nous enseignent la sagesse de Dieu, et \u00ab lumi\u00e8re \u00bb, eux qui [&hellip;]<\/p>\n","protected":false},"author":2,"featured_media":0,"comment_status":"closed","ping_status":"closed","sticky":false,"template":"","format":"standard","meta":{"footnotes":""},"categories":[13,16,28],"tags":[83,920,927,969,1060,1068],"class_list":["post-5733","post","type-post","status-publish","format-standard","hentry","category-ecritures","category-jardins-de-la-bible","category-saints-et-saintes","tag-apotre","tag-sagesse","tag-saint-esprit","tag-sel","tag-st-maxime","tag-st-paul"],"_links":{"self":[{"href":"https:\/\/www.associationdemarie.org\/blog\/wp-json\/wp\/v2\/posts\/5733","targetHints":{"allow":["GET"]}}],"collection":[{"href":"https:\/\/www.associationdemarie.org\/blog\/wp-json\/wp\/v2\/posts"}],"about":[{"href":"https:\/\/www.associationdemarie.org\/blog\/wp-json\/wp\/v2\/types\/post"}],"author":[{"embeddable":true,"href":"https:\/\/www.associationdemarie.org\/blog\/wp-json\/wp\/v2\/users\/2"}],"replies":[{"embeddable":true,"href":"https:\/\/www.associationdemarie.org\/blog\/wp-json\/wp\/v2\/comments?post=5733"}],"version-history":[{"count":3,"href":"https:\/\/www.associationdemarie.org\/blog\/wp-json\/wp\/v2\/posts\/5733\/revisions"}],"predecessor-version":[{"id":16420,"href":"https:\/\/www.associationdemarie.org\/blog\/wp-json\/wp\/v2\/posts\/5733\/revisions\/16420"}],"wp:attachment":[{"href":"https:\/\/www.associationdemarie.org\/blog\/wp-json\/wp\/v2\/media?parent=5733"}],"wp:term":[{"taxonomy":"category","embeddable":true,"href":"https:\/\/www.associationdemarie.org\/blog\/wp-json\/wp\/v2\/categories?post=5733"},{"taxonomy":"post_tag","embeddable":true,"href":"https:\/\/www.associationdemarie.org\/blog\/wp-json\/wp\/v2\/tags?post=5733"}],"curies":[{"name":"wp","href":"https:\/\/api.w.org\/{rel}","templated":true}]}}