{"id":5703,"date":"2012-06-05T02:03:21","date_gmt":"2012-06-05T02:03:21","guid":{"rendered":"http:\/\/preprod.meltem-int.com\/marie\/blog\/?p=5703"},"modified":"2012-06-05T02:03:21","modified_gmt":"2012-06-05T02:03:21","slug":"la-vigne-le-raisin","status":"publish","type":"post","link":"https:\/\/www.associationdemarie.org\/blog\/la-vigne-le-raisin\/","title":{"rendered":"La vigne, le raisin"},"content":{"rendered":"<p><strong><a href=\"https:\/\/www.associationdemarie.org\/blog\/wp-content\/uploads\/2012\/05\/vigne-du-seigneur.png\"><img loading=\"lazy\" decoding=\"async\" class=\"size-medium wp-image-5704 alignleft\" title=\"vigne du seigneur\" src=\"https:\/\/www.associationdemarie.org\/blog\/wp-content\/uploads\/2012\/05\/vigne-du-seigneur-300x196.png\" alt=\"\" width=\"240\" height=\"157\" srcset=\"https:\/\/www.associationdemarie.org\/blog\/wp-content\/uploads\/2012\/05\/vigne-du-seigneur-300x196.png 300w, https:\/\/www.associationdemarie.org\/blog\/wp-content\/uploads\/2012\/05\/vigne-du-seigneur.png 481w\" sizes=\"auto, (max-width: 240px) 100vw, 240px\" \/><\/a>Le raisin<\/strong> est porteur de m\u00e9moire, de symbolique et de tradition. No\u00e9 fut le premier homme \u00e0 planter de la vigne (Gn 9, 20).<\/p>\n<p>Le peuple d\u2019Isra\u00ebl est compar\u00e9 \u00e0 la vigne:\u00a0\u00a0\u00a0<em>\u00ab\u00a0Isra\u00ebl \u00e9tait une vigne luxuriante donnant beaucoup de fruits, mais plus ses fruits se multipliaient, plus Isra\u00ebl multiplia les autels. Plus il devenait riche,\u00a0 il a fait les st\u00e8les car leur c\u0153ur est double\u00a0\u00bb <\/em>(Os. 10, 1-2)<em>.<\/em><\/p>\n<p>Isa\u00efe\u00a0 reprendra le th\u00e8me de la vigne\u00a0 mais d\u2019une fa\u00e7on moins d\u00e9velopp\u00e9e qu\u2019Os\u00e9e:\u00a0<em>\u00ab\u00a0Ce jour-l\u00e0 la vigne d\u00e9licieuse, chantez-la. Moi le Seigneur, j\u2019en suis le gardien, \u00e0 tout instant je l\u2019arrose de peur que ne tombe son feuillage. Nuit et jour je la garde, \u00e9pines et ronces, je les br\u00fblerai toutes\u00a0\u00bb <\/em>(Is. 27, 2-4).<\/p>\n<p>&nbsp;<\/p>\n<p>Quand Mo\u00efse envoya douze homme, un par tribu, ceux-ci revinrent de cette mission d\u2019espionnage avec \u00ab\u00a0<em>des grenades et des figues<\/em>\u00ab\u00a0,\u00a0 et \u00ab\u00a0<em>une grappe de raisins<\/em> \u00bb si grande qu\u2019il fallait deux hommes pour la porter sur une perche.<\/p>\n<p><strong>La grappe de raisin<\/strong> caract\u00e9rise le travail de la terre\u00a0; elle est le signe de la fertilit\u00e9. Elle symbolise le vin de la vie et de l\u2019immortalit\u00e9.<\/p>\n<p>Saint Augustin voit dans\u00a0<strong>les deux hommes<\/strong> qui portent\u00a0 la grappe\u00a0<strong>le symbole des deux Testaments,<\/strong> celui du peuple juif et celui du peuple chr\u00e9tien: le juif marchait devant, suivi du chr\u00e9tien qui avait ainsi sous les yeux la grappe, le fruit de son salut, c\u2019est-\u00e0-dire le Christ.<\/p>\n<p>&nbsp;<\/p>\n","protected":false},"excerpt":{"rendered":"<p>Le raisin est porteur de m\u00e9moire, de symbolique et de tradition. No\u00e9 fut le premier homme \u00e0 planter de la vigne (Gn 9, 20). Le peuple d\u2019Isra\u00ebl est compar\u00e9 \u00e0 la vigne:\u00a0\u00a0\u00a0\u00ab\u00a0Isra\u00ebl \u00e9tait une vigne luxuriante donnant beaucoup de fruits, mais plus ses fruits se multipliaient, plus Isra\u00ebl multiplia les autels. Plus il devenait riche,\u00a0 [&hellip;]<\/p>\n","protected":false},"author":2,"featured_media":0,"comment_status":"closed","ping_status":"closed","sticky":false,"template":"","format":"standard","meta":{"footnotes":""},"categories":[13,16,17],"tags":[67,269,1382,517,709,861,1190],"class_list":["post-5703","post","type-post","status-publish","format-standard","hentry","category-ecritures","category-jardins-de-la-bible","category-maison-de-marie-dardouane","tag-ancien-testament","tag-creation","tag-ecritures","tag-jardin-de-la-bible","tag-nature","tag-raisin","tag-vigne"],"_links":{"self":[{"href":"https:\/\/www.associationdemarie.org\/blog\/wp-json\/wp\/v2\/posts\/5703","targetHints":{"allow":["GET"]}}],"collection":[{"href":"https:\/\/www.associationdemarie.org\/blog\/wp-json\/wp\/v2\/posts"}],"about":[{"href":"https:\/\/www.associationdemarie.org\/blog\/wp-json\/wp\/v2\/types\/post"}],"author":[{"embeddable":true,"href":"https:\/\/www.associationdemarie.org\/blog\/wp-json\/wp\/v2\/users\/2"}],"replies":[{"embeddable":true,"href":"https:\/\/www.associationdemarie.org\/blog\/wp-json\/wp\/v2\/comments?post=5703"}],"version-history":[{"count":0,"href":"https:\/\/www.associationdemarie.org\/blog\/wp-json\/wp\/v2\/posts\/5703\/revisions"}],"wp:attachment":[{"href":"https:\/\/www.associationdemarie.org\/blog\/wp-json\/wp\/v2\/media?parent=5703"}],"wp:term":[{"taxonomy":"category","embeddable":true,"href":"https:\/\/www.associationdemarie.org\/blog\/wp-json\/wp\/v2\/categories?post=5703"},{"taxonomy":"post_tag","embeddable":true,"href":"https:\/\/www.associationdemarie.org\/blog\/wp-json\/wp\/v2\/tags?post=5703"}],"curies":[{"name":"wp","href":"https:\/\/api.w.org\/{rel}","templated":true}]}}