{"id":5663,"date":"2012-05-31T01:29:17","date_gmt":"2012-05-31T01:29:17","guid":{"rendered":"http:\/\/preprod.meltem-int.com\/marie\/blog\/?p=5663"},"modified":"2012-05-31T01:29:17","modified_gmt":"2012-05-31T01:29:17","slug":"fete-de-la-visitation-de-la-vierge-marie","status":"publish","type":"post","link":"https:\/\/www.associationdemarie.org\/blog\/fete-de-la-visitation-de-la-vierge-marie\/","title":{"rendered":"F\u00eate de la Visitation de la Vierge Marie"},"content":{"rendered":"<p><strong>C\u00c9L\u00c9BRATION MARIALE POUR LA CONCLUSION<br \/>\nDU MOIS DE MAI AU VATICAN<br \/>\nPAROLES DU PAPE JEAN PAUL II<\/strong><\/p>\n<p>\u00ab\u00a0Marie partit [&#8230;] vers la r\u00e9gion montagneuse&#8230;\u00a0\u00bb (Lc 1, 39)<\/p>\n<p><a href=\"https:\/\/www.associationdemarie.org\/blog\/wp-content\/uploads\/2012\/05\/REICHLICH_Marx_Meeting_Of_Mary_And_Elisabeth.jpg\"><img loading=\"lazy\" decoding=\"async\" class=\"alignright size-medium wp-image-5664\" title=\"REICHLICH_Marx_Meeting_Of_Mary_And_Elisabeth\" src=\"https:\/\/www.associationdemarie.org\/blog\/wp-content\/uploads\/2012\/05\/REICHLICH_Marx_Meeting_Of_Mary_And_Elisabeth-239x300.jpg\" alt=\"\" width=\"191\" height=\"240\" srcset=\"https:\/\/www.associationdemarie.org\/blog\/wp-content\/uploads\/2012\/05\/REICHLICH_Marx_Meeting_Of_Mary_And_Elisabeth-239x300.jpg 239w, https:\/\/www.associationdemarie.org\/blog\/wp-content\/uploads\/2012\/05\/REICHLICH_Marx_Meeting_Of_Mary_And_Elisabeth.jpg 798w\" sizes=\"auto, (max-width: 191px) 100vw, 191px\" \/><\/a>Nous concluons avec le myst\u00e8re de la Visitation de la Tr\u00e8s Sainte Vierge Marie le chemin marial accompli au cours du mois de mai. (&#8230;)<\/p>\n<p>Les paroles de l&rsquo;\u00e9vang\u00e9liste Luc retentissent dans nos c\u0153urs\u00a0: \u00ab\u00a0D\u00e8s qu&rsquo;Elisabeth eut entendu le salut de Marie&#8230; [elle] fut remplie d&rsquo;Esprit Saint\u00a0\u00bb (1, 41).<\/p>\n<p>La rencontre entre la Madone et sa cousine Elisabeth est comme une sorte de \u00ab\u00a0petite Pentec\u00f4te\u00a0\u00bb.<\/p>\n<p>Dans le r\u00e9cit \u00e9vang\u00e9lique, la Visitation suit imm\u00e9diatement l&rsquo;Annonciation\u00a0: la Sainte Vierge, qui porte en son sein le Fils con\u00e7u par l&rsquo;\u0153uvre de l&rsquo;Esprit Saint, rayonne autour d&rsquo;elle de gr\u00e2ce et de joie spirituelle. C&rsquo;est la pr\u00e9sence de l&rsquo;Esprit en Elle qui fait tressaillir de joie le Fils d&rsquo;Elisabeth, Jean, destin\u00e9 \u00e0 pr\u00e9parer la voie au Fils de Dieu fait homme.<\/p>\n<p>L\u00e0 o\u00f9 se trouve Marie il y a le Christ\u00a0; et l\u00e0 o\u00f9 se trouve le Christ il y a son Esprit Saint, qui proc\u00e8de du P\u00e8re et de Lui-m\u00eame dans le saint myst\u00e8re de la vie trinitaire. Les Actes des Ap\u00f4tres soulignent \u00e0 juste titre la pr\u00e9sence de Marie en pri\u00e8re, dans le C\u00e9nacle, avec les Ap\u00f4tres r\u00e9unis dans l&rsquo;attente de recevoir la \u00ab\u00a0puissance d&rsquo;En-haut\u00a0\u00bb. Le \u00ab\u00a0oui\u00a0\u00bb de la Vierge, \u00ab\u00a0fiat\u00a0\u00bb, attire le Don de Dieu sur l&rsquo;humanit\u00e9\u00a0: c&rsquo;est ce qui se produit \u00e0 la Pentec\u00f4te, comme lors de l&rsquo;Annonciation. C&rsquo;est ainsi que cela continue \u00e0 se produire sur le chemin de l&rsquo;\u00c9glise.<\/p>\n<p>R\u00e9unis en pri\u00e8re avec Marie, nous invoquons une abondante effusion de l&rsquo;Esprit Saint sur l&rsquo;\u00c9glise tout enti\u00e8re, afin qu&rsquo;elle prenne le large toutes voiles dehors (&#8230;). Nous l&rsquo;invoquons en particulier sur ceux qui \u0153uvrent quotidiennement au service du Si\u00e8ge apostolique, afin que le travail de chacun soit toujours anim\u00e9 par un esprit de foi et de z\u00e8le apostolique.<\/p>\n<p>Il est significatif que le dernier jour de mai soit celui de la f\u00eate de la Visitation. Avec cette conclusion, c&rsquo;est comme si nous voulions dire que chaque jour de ce mois a \u00e9t\u00e9 pour nous une sorte de visitation. Nous avons v\u00e9cu au cours du mois de mai une visitation permanente, comme l&rsquo;ont v\u00e9cue Marie et Elisabeth. Nous sommes reconnaissants \u00e0 Dieu que cet \u00e9v\u00e9nement biblique nous soit aujourd&rsquo;hui repropos\u00e9 par la Liturgie.<\/p>\n<p>\u00c0 vous tous, je souhaite que la gr\u00e2ce de la visitation mariale, v\u00e9cue au cours du mois de mai, se prolonge dans les jours qui viendront.<\/p>\n<p><span style=\"color: #ffffff;\">.<\/span><br \/>\n<em>Site officiel du Vatican &#8211; Copyright \u00a9 Libreria Editrice Vaticana<\/em><\/p>\n<p><span style=\"color: #ffffff;\">.<\/span><\/p>\n<p><span style=\"color: #ffffff;\">.<\/span><\/p>\n","protected":false},"excerpt":{"rendered":"<p>C\u00c9L\u00c9BRATION MARIALE POUR LA CONCLUSION DU MOIS DE MAI AU VATICAN PAROLES DU PAPE JEAN PAUL II \u00ab\u00a0Marie partit [&#8230;] vers la r\u00e9gion montagneuse&#8230;\u00a0\u00bb (Lc 1, 39) Nous concluons avec le myst\u00e8re de la Visitation de la Tr\u00e8s Sainte Vierge Marie le chemin marial accompli au cours du mois de mai. (&#8230;) Les paroles de [&hellip;]<\/p>\n","protected":false},"author":2,"featured_media":0,"comment_status":"closed","ping_status":"closed","sticky":false,"template":"","format":"standard","meta":{"footnotes":""},"categories":[3,4,13],"tags":[158,343,636,682,1055,1195],"class_list":["post-5663","post","type-post","status-publish","format-standard","hentry","category-liturgique","category-iconographie","category-ecritures","tag-bienheureux-jean-paul-2","tag-elisabeth","tag-marie","tag-mois-de-marie","tag-st-luc","tag-visitation"],"_links":{"self":[{"href":"https:\/\/www.associationdemarie.org\/blog\/wp-json\/wp\/v2\/posts\/5663","targetHints":{"allow":["GET"]}}],"collection":[{"href":"https:\/\/www.associationdemarie.org\/blog\/wp-json\/wp\/v2\/posts"}],"about":[{"href":"https:\/\/www.associationdemarie.org\/blog\/wp-json\/wp\/v2\/types\/post"}],"author":[{"embeddable":true,"href":"https:\/\/www.associationdemarie.org\/blog\/wp-json\/wp\/v2\/users\/2"}],"replies":[{"embeddable":true,"href":"https:\/\/www.associationdemarie.org\/blog\/wp-json\/wp\/v2\/comments?post=5663"}],"version-history":[{"count":0,"href":"https:\/\/www.associationdemarie.org\/blog\/wp-json\/wp\/v2\/posts\/5663\/revisions"}],"wp:attachment":[{"href":"https:\/\/www.associationdemarie.org\/blog\/wp-json\/wp\/v2\/media?parent=5663"}],"wp:term":[{"taxonomy":"category","embeddable":true,"href":"https:\/\/www.associationdemarie.org\/blog\/wp-json\/wp\/v2\/categories?post=5663"},{"taxonomy":"post_tag","embeddable":true,"href":"https:\/\/www.associationdemarie.org\/blog\/wp-json\/wp\/v2\/tags?post=5663"}],"curies":[{"name":"wp","href":"https:\/\/api.w.org\/{rel}","templated":true}]}}