{"id":5633,"date":"2012-05-29T02:06:13","date_gmt":"2012-05-29T02:06:13","guid":{"rendered":"http:\/\/preprod.meltem-int.com\/marie\/blog\/?p=5633"},"modified":"2012-05-29T02:06:13","modified_gmt":"2012-05-29T02:06:13","slug":"intentions-de-prieres-de-benoit-16-pour-le-mois-de-juin","status":"publish","type":"post","link":"https:\/\/www.associationdemarie.org\/blog\/intentions-de-prieres-de-benoit-16-pour-le-mois-de-juin\/","title":{"rendered":"Intentions de pri\u00e8res de Beno\u00eet 16 pour le mois de Juin"},"content":{"rendered":"<p><strong><a href=\"https:\/\/www.associationdemarie.org\/blog\/wp-content\/uploads\/2012\/05\/Pape-eucharistie.jpg\"><img loading=\"lazy\" decoding=\"async\" class=\"alignleft size-medium wp-image-5634\" title=\"Pape-eucharistie\" src=\"https:\/\/www.associationdemarie.org\/blog\/wp-content\/uploads\/2012\/05\/Pape-eucharistie-196x300.jpg\" alt=\"\" width=\"158\" height=\"243\" srcset=\"https:\/\/www.associationdemarie.org\/blog\/wp-content\/uploads\/2012\/05\/Pape-eucharistie-196x300.jpg 196w, https:\/\/www.associationdemarie.org\/blog\/wp-content\/uploads\/2012\/05\/Pape-eucharistie.jpg 412w\" sizes=\"auto, (max-width: 158px) 100vw, 158px\" \/><\/a>Universelle<\/strong> &#8211;\u00a0<strong>Le Christ pr\u00e9sent dans l&rsquo;Eucharistie<\/strong><br \/>\nPour que les croyants sachent reconna\u00eetre, dans l&rsquo;Eucharistie, la pr\u00e9sence vivante du Ressuscit\u00e9\u00a0qui les accompagne dans la vie quotidienne.<\/p>\n<p><span style=\"color: #ffffff;\">.<\/span><\/p>\n<p><strong>Missionnaire &#8211; Les chr\u00e9tiens en Europe<\/strong><br \/>\nPour que les chr\u00e9tiens en Europe red\u00e9couvrent leur propre identit\u00e9 et participent avec plus d&rsquo;\u00e9lan\u00a0\u00e0 l&rsquo;annonce de l&rsquo;Evangile.<\/p>\n<p><span style=\"color: #ffffff;\">.<\/span><\/p>\n<p><span style=\"color: #ffffff;\">.<\/span><\/p>\n<p>&nbsp;<\/p>\n","protected":false},"excerpt":{"rendered":"<p>Universelle &#8211;\u00a0Le Christ pr\u00e9sent dans l&rsquo;Eucharistie Pour que les croyants sachent reconna\u00eetre, dans l&rsquo;Eucharistie, la pr\u00e9sence vivante du Ressuscit\u00e9\u00a0qui les accompagne dans la vie quotidienne. . Missionnaire &#8211; Les chr\u00e9tiens en Europe Pour que les chr\u00e9tiens en Europe red\u00e9couvrent leur propre identit\u00e9 et participent avec plus d&rsquo;\u00e9lan\u00a0\u00e0 l&rsquo;annonce de l&rsquo;Evangile. . . &nbsp;<\/p>\n","protected":false},"author":2,"featured_media":0,"comment_status":"closed","ping_status":"closed","sticky":false,"template":"","format":"standard","meta":{"footnotes":""},"categories":[2,14],"tags":[142,218,385,386,389,504,891],"class_list":["post-5633","post","type-post","status-publish","format-standard","hentry","category-actualites","category-groupe-prieres","tag-benoit-16","tag-chretiens","tag-eucharistie","tag-europe","tag-evangile","tag-intentions-de-priere","tag-ressuscite"],"_links":{"self":[{"href":"https:\/\/www.associationdemarie.org\/blog\/wp-json\/wp\/v2\/posts\/5633","targetHints":{"allow":["GET"]}}],"collection":[{"href":"https:\/\/www.associationdemarie.org\/blog\/wp-json\/wp\/v2\/posts"}],"about":[{"href":"https:\/\/www.associationdemarie.org\/blog\/wp-json\/wp\/v2\/types\/post"}],"author":[{"embeddable":true,"href":"https:\/\/www.associationdemarie.org\/blog\/wp-json\/wp\/v2\/users\/2"}],"replies":[{"embeddable":true,"href":"https:\/\/www.associationdemarie.org\/blog\/wp-json\/wp\/v2\/comments?post=5633"}],"version-history":[{"count":0,"href":"https:\/\/www.associationdemarie.org\/blog\/wp-json\/wp\/v2\/posts\/5633\/revisions"}],"wp:attachment":[{"href":"https:\/\/www.associationdemarie.org\/blog\/wp-json\/wp\/v2\/media?parent=5633"}],"wp:term":[{"taxonomy":"category","embeddable":true,"href":"https:\/\/www.associationdemarie.org\/blog\/wp-json\/wp\/v2\/categories?post=5633"},{"taxonomy":"post_tag","embeddable":true,"href":"https:\/\/www.associationdemarie.org\/blog\/wp-json\/wp\/v2\/tags?post=5633"}],"curies":[{"name":"wp","href":"https:\/\/api.w.org\/{rel}","templated":true}]}}