{"id":5588,"date":"2012-05-25T01:22:48","date_gmt":"2012-05-25T01:22:48","guid":{"rendered":"http:\/\/preprod.meltem-int.com\/marie\/blog\/?p=5588"},"modified":"2012-05-25T01:22:48","modified_gmt":"2012-05-25T01:22:48","slug":"sixieme-jour-de-la-neuvaine-2","status":"publish","type":"post","link":"https:\/\/www.associationdemarie.org\/blog\/sixieme-jour-de-la-neuvaine-2\/","title":{"rendered":"Sixi\u00e8me jour de la neuvaine"},"content":{"rendered":"<p><em><strong><a href=\"https:\/\/www.associationdemarie.org\/blog\/wp-content\/uploads\/2011\/06\/Marie-dArdouane.jpg\"><img loading=\"lazy\" decoding=\"async\" class=\"alignleft size-medium wp-image-3341\" title=\"Marie d'Ardouane\" src=\"https:\/\/www.associationdemarie.org\/blog\/wp-content\/uploads\/2011\/06\/Marie-dArdouane-210x300.jpg\" alt=\"\" width=\"210\" height=\"300\" srcset=\"https:\/\/www.associationdemarie.org\/blog\/wp-content\/uploads\/2011\/06\/Marie-dArdouane-210x300.jpg 210w, https:\/\/www.associationdemarie.org\/blog\/wp-content\/uploads\/2011\/06\/Marie-dArdouane.jpg 351w\" sizes=\"auto, (max-width: 210px) 100vw, 210px\" \/><\/a>\u00ab\u00a0Demandez et vous obtiendrez.\u00a0\u00bb<\/strong><\/em><\/p>\n<p><strong>Esprit-Saint, divin Consolateur ! Je vous adore comme mon vrai Dieu, ainsi que Dieu le P\u00e8re et Dieu le Fils. Je vous offre mon c\u0153ur et vous rend de vives actions de gr\u00e2ces pour tous les bienfaits que vous avez r\u00e9pandus et que vous r\u00e9pandez sans cesse dans le monde. Vous qui \u00eates l&rsquo;Auteur de tous les dons surnaturels et qui avez combl\u00e9 d&rsquo;immenses faveurs l&rsquo;\u00e2me de la bienheureuse M\u00e8re de Dieu et de toute consolation, Marie, je vous prie de me visiter par votre gr\u00e2ce.<\/strong><\/p>\n<p><strong>Accordez-moi le don de compr\u00e9hension, afin que je puisse bien entendre les divins myst\u00e8res, et, par la contemplation des choses c\u00e9lestes, d\u00e9tacher mes pens\u00e9es et mes affections de toutes les vanit\u00e9s de ce mis\u00e9rable monde. Que votre message soit entendu et compris par les hommes de la Terre.<\/strong><\/p>\n<p>Ajouter \u00e0 cette pri\u00e8re <em>Un Pater,<\/em> <em>un Ave,<\/em> <em>et trois Gloria Patri.<\/em><\/p>\n<p>&nbsp;<\/p>\n","protected":false},"excerpt":{"rendered":"<p>\u00ab\u00a0Demandez et vous obtiendrez.\u00a0\u00bb Esprit-Saint, divin Consolateur ! Je vous adore comme mon vrai Dieu, ainsi que Dieu le P\u00e8re et Dieu le Fils. Je vous offre mon c\u0153ur et vous rend de vives actions de gr\u00e2ces pour tous les bienfaits que vous avez r\u00e9pandus et que vous r\u00e9pandez sans cesse dans le monde. Vous [&hellip;]<\/p>\n","protected":false},"author":2,"featured_media":0,"comment_status":"closed","ping_status":"closed","sticky":false,"template":"","format":"standard","meta":{"footnotes":""},"categories":[2,17,21,27],"tags":[99,249,616,640,712,927],"class_list":["post-5588","post","type-post","status-publish","format-standard","hentry","category-actualites","category-maison-de-marie-dardouane","category-neuvaine-a-lesprit-saint","category-prieres","tag-ardouane","tag-comprehension","tag-maison-de-marie","tag-marie-mere-des-hommes","tag-neuvaine","tag-saint-esprit"],"_links":{"self":[{"href":"https:\/\/www.associationdemarie.org\/blog\/wp-json\/wp\/v2\/posts\/5588","targetHints":{"allow":["GET"]}}],"collection":[{"href":"https:\/\/www.associationdemarie.org\/blog\/wp-json\/wp\/v2\/posts"}],"about":[{"href":"https:\/\/www.associationdemarie.org\/blog\/wp-json\/wp\/v2\/types\/post"}],"author":[{"embeddable":true,"href":"https:\/\/www.associationdemarie.org\/blog\/wp-json\/wp\/v2\/users\/2"}],"replies":[{"embeddable":true,"href":"https:\/\/www.associationdemarie.org\/blog\/wp-json\/wp\/v2\/comments?post=5588"}],"version-history":[{"count":0,"href":"https:\/\/www.associationdemarie.org\/blog\/wp-json\/wp\/v2\/posts\/5588\/revisions"}],"wp:attachment":[{"href":"https:\/\/www.associationdemarie.org\/blog\/wp-json\/wp\/v2\/media?parent=5588"}],"wp:term":[{"taxonomy":"category","embeddable":true,"href":"https:\/\/www.associationdemarie.org\/blog\/wp-json\/wp\/v2\/categories?post=5588"},{"taxonomy":"post_tag","embeddable":true,"href":"https:\/\/www.associationdemarie.org\/blog\/wp-json\/wp\/v2\/tags?post=5588"}],"curies":[{"name":"wp","href":"https:\/\/api.w.org\/{rel}","templated":true}]}}