{"id":5551,"date":"2012-05-19T01:31:14","date_gmt":"2012-05-19T01:31:14","guid":{"rendered":"http:\/\/preprod.meltem-int.com\/marie\/blog\/?p=5551"},"modified":"2012-05-19T01:31:14","modified_gmt":"2012-05-19T01:31:14","slug":"neuvaine-a-lesprit-saint","status":"publish","type":"post","link":"https:\/\/www.associationdemarie.org\/blog\/neuvaine-a-lesprit-saint\/","title":{"rendered":"Neuvaine \u00e0 l&rsquo;Esprit Saint"},"content":{"rendered":"<p>A partir de demain, en jusqu&rsquo;au 28, nous offrons cette neuvaine, en union de pri\u00e8re, au grand projet d\u2019Ardouane.<\/p>\n<p><a href=\"https:\/\/www.associationdemarie.org\/blog\/wp-content\/uploads\/2012\/05\/drapeau.jpg\"><img loading=\"lazy\" decoding=\"async\" class=\"alignleft size-medium wp-image-5552\" title=\"drapeau Marie M\u00e8re des hommes\" src=\"https:\/\/www.associationdemarie.org\/blog\/wp-content\/uploads\/2012\/05\/drapeau-140x300.jpg\" alt=\"\" width=\"140\" height=\"300\" srcset=\"https:\/\/www.associationdemarie.org\/blog\/wp-content\/uploads\/2012\/05\/drapeau-140x300.jpg 140w, https:\/\/www.associationdemarie.org\/blog\/wp-content\/uploads\/2012\/05\/drapeau-477x1024.jpg 477w\" sizes=\"auto, (max-width: 140px) 100vw, 140px\" \/><\/a>Afin de pr\u00e9parer nos c\u0153urs, chaque don est associ\u00e9 aux missions de La Maison de Marie, chacune des neuf \u00e9toiles de la couronne de Marie M\u00e8re des hommes.<\/p>\n<p>La premi\u00e8re repr\u00e9sente l&rsquo;<strong>Alpha<\/strong>,<\/p>\n<p>La seconde, l&rsquo;<strong>Amour<\/strong>,<\/p>\n<p>La troisi\u00e8me, l&rsquo;<strong>Humilit\u00e9<\/strong>,<\/p>\n<p>La quatri\u00e8me, la <strong>Gr\u00e2ce<\/strong>,<\/p>\n<p>la cinqui\u00e8me, la <strong>Tol\u00e9rance<\/strong>,<\/p>\n<p>La sixi\u00e8me, la <strong>Compr\u00e9hension<\/strong>,<\/p>\n<p>La septi\u00e8me, la <strong>Foi<\/strong>,<\/p>\n<p>La huiti\u00e8me, la <strong>Paix<\/strong>,<\/p>\n<p>La neuvi\u00e8me, l&rsquo;<strong>Om\u00e9ga<\/strong>.<\/p>\n<p><span style=\"color: #ffffff;\">.<\/span><\/p>\n<p><span style=\"color: #ffffff;\">.<\/span><\/p>\n<p><span style=\"color: #ffffff;\">.<\/span><\/p>\n","protected":false},"excerpt":{"rendered":"<p>A partir de demain, en jusqu&rsquo;au 28, nous offrons cette neuvaine, en union de pri\u00e8re, au grand projet d\u2019Ardouane. Afin de pr\u00e9parer nos c\u0153urs, chaque don est associ\u00e9 aux missions de La Maison de Marie, chacune des neuf \u00e9toiles de la couronne de Marie M\u00e8re des hommes. La premi\u00e8re repr\u00e9sente l&rsquo;Alpha, La seconde, l&rsquo;Amour, La [&hellip;]<\/p>\n","protected":false},"author":2,"featured_media":0,"comment_status":"closed","ping_status":"closed","sticky":false,"template":"","format":"standard","meta":{"footnotes":""},"categories":[2,17,19,21,27],"tags":[99,563,640,712,927],"class_list":["post-5551","post","type-post","status-publish","format-standard","hentry","category-actualites","category-maison-de-marie-dardouane","category-messages","category-neuvaine-a-lesprit-saint","category-prieres","tag-ardouane","tag-la-maison-de-marie","tag-marie-mere-des-hommes","tag-neuvaine","tag-saint-esprit"],"_links":{"self":[{"href":"https:\/\/www.associationdemarie.org\/blog\/wp-json\/wp\/v2\/posts\/5551","targetHints":{"allow":["GET"]}}],"collection":[{"href":"https:\/\/www.associationdemarie.org\/blog\/wp-json\/wp\/v2\/posts"}],"about":[{"href":"https:\/\/www.associationdemarie.org\/blog\/wp-json\/wp\/v2\/types\/post"}],"author":[{"embeddable":true,"href":"https:\/\/www.associationdemarie.org\/blog\/wp-json\/wp\/v2\/users\/2"}],"replies":[{"embeddable":true,"href":"https:\/\/www.associationdemarie.org\/blog\/wp-json\/wp\/v2\/comments?post=5551"}],"version-history":[{"count":0,"href":"https:\/\/www.associationdemarie.org\/blog\/wp-json\/wp\/v2\/posts\/5551\/revisions"}],"wp:attachment":[{"href":"https:\/\/www.associationdemarie.org\/blog\/wp-json\/wp\/v2\/media?parent=5551"}],"wp:term":[{"taxonomy":"category","embeddable":true,"href":"https:\/\/www.associationdemarie.org\/blog\/wp-json\/wp\/v2\/categories?post=5551"},{"taxonomy":"post_tag","embeddable":true,"href":"https:\/\/www.associationdemarie.org\/blog\/wp-json\/wp\/v2\/tags?post=5551"}],"curies":[{"name":"wp","href":"https:\/\/api.w.org\/{rel}","templated":true}]}}