{"id":5517,"date":"2012-05-07T01:06:51","date_gmt":"2012-05-07T01:06:51","guid":{"rendered":"http:\/\/preprod.meltem-int.com\/marie\/blog\/?p=5517"},"modified":"2012-05-07T01:06:51","modified_gmt":"2012-05-07T01:06:51","slug":"lesprit-saint-vous-enseignera-tout-il-vous-fera-souvenir-de-tout-ce-que-je-vous-ai-dit","status":"publish","type":"post","link":"https:\/\/www.associationdemarie.org\/blog\/lesprit-saint-vous-enseignera-tout-il-vous-fera-souvenir-de-tout-ce-que-je-vous-ai-dit\/","title":{"rendered":"\u00ab L&rsquo;Esprit Saint vous enseignera tout ; il vous fera souvenir de tout ce que je vous ai dit. \u00bb"},"content":{"rendered":"<p><a href=\"https:\/\/www.associationdemarie.org\/blog\/wp-content\/uploads\/2012\/05\/Esprit-Saint.gif\"><img loading=\"lazy\" decoding=\"async\" class=\"alignleft size-medium wp-image-5518\" title=\"Esprit Saint\" src=\"https:\/\/www.associationdemarie.org\/blog\/wp-content\/uploads\/2012\/05\/Esprit-Saint-294x300.gif\" alt=\"\" width=\"206\" height=\"210\" \/><\/a>Le Seigneur promet \u00e0 juste titre que l&rsquo;Esprit \u00ab vous enseignera tout \u00bb. Car si cet Esprit ne touche pas le c\u0153ur de ceux qui \u00e9coutent, vaine est la parole de ceux qui enseignent. Que personne n&rsquo;attribue donc \u00e0 celui qui enseigne ce que la bouche de cet enseignant lui fait comprendre : s&rsquo;il n&rsquo;y a pas quelqu&rsquo;un pour nous enseigner au-dedans, la langue de l&rsquo;enseignant travaille dans le vide.<\/p>\n<p>Tous ici, vous entendez ma voix de la m\u00eame mani\u00e8re ; et cependant vous ne saisissez pas de la m\u00eame fa\u00e7on ce que vous entendez&#8230; C&rsquo;est-\u00e0-dire que la voix n&rsquo;instruit pas si l&rsquo;\u00e2me ne re\u00e7oit pas l&rsquo;onction de l&rsquo;Esprit. La parole du pr\u00e9dicateur est vaine si elle n&rsquo;est pas capable d&rsquo;allumer le feu de l&rsquo;amour dans les c\u0153urs. Les disciples qui disaient : \u00ab Notre c\u0153ur n&rsquo;\u00e9tait-il pas br\u00fblant en nous tandis qu&rsquo;il nous parlait en chemin, et qu&rsquo;il nous expliquait les \u00c9critures ? \u00bb (Lc 24,32), avaient re\u00e7u ce feu de la bouche m\u00eame de la V\u00e9rit\u00e9. Lorsqu&rsquo;on entend une telle parole, le c\u0153ur s&rsquo;\u00e9chauffe, sa torpeur froide le quitte, l&rsquo;esprit ne conna\u00eet plus de repos et se prend \u00e0 d\u00e9sirer les biens du Royaume des cieux. L&rsquo;amour v\u00e9ritable qui le remplit lui arrache des larmes&#8230; Comme il est heureux d&rsquo;entendre cet enseignement qui vient d&rsquo;en-haut et ces commandements qui deviennent en nous comme une torche qui nous enflamme&#8230;de l&rsquo;amour int\u00e9rieur. La parole parvient \u00e0 notre oreille, et notre esprit transform\u00e9 se consume d&rsquo;une douce flamme int\u00e9rieure.<\/p>\n<p>Saint Gr\u00e9goire le Grand (v. 540-604), pape et docteur de l&rsquo;\u00c9glise<br \/>\n<em>Hom\u00e9lies sur les \u00e9vangiles, n\u00b030, 3.5 (trad. cf Le Barroux)<\/em><\/p>\n<p><span style=\"color: #ffffff;\"><em>.<\/em><\/span><\/p>\n<p><span style=\"color: #ffffff;\"><em>.<\/em><\/span><\/p>\n","protected":false},"excerpt":{"rendered":"<p>Le Seigneur promet \u00e0 juste titre que l&rsquo;Esprit \u00ab vous enseignera tout \u00bb. Car si cet Esprit ne touche pas le c\u0153ur de ceux qui \u00e9coutent, vaine est la parole de ceux qui enseignent. Que personne n&rsquo;attribue donc \u00e0 celui qui enseigne ce que la bouche de cet enseignant lui fait comprendre : s&rsquo;il n&rsquo;y [&hellip;]<\/p>\n","protected":false},"author":2,"featured_media":0,"comment_status":"closed","ping_status":"closed","sticky":false,"template":"","format":"standard","meta":{"footnotes":""},"categories":[13,21,1,28],"tags":[249,1382,357,378,906,1035],"class_list":["post-5517","post","type-post","status-publish","format-standard","hentry","category-ecritures","category-neuvaine-a-lesprit-saint","category-non-classe","category-saints-et-saintes","tag-comprehension","tag-ecritures","tag-enseignement","tag-esprit-saint","tag-royaume","tag-st-gregoire"],"_links":{"self":[{"href":"https:\/\/www.associationdemarie.org\/blog\/wp-json\/wp\/v2\/posts\/5517","targetHints":{"allow":["GET"]}}],"collection":[{"href":"https:\/\/www.associationdemarie.org\/blog\/wp-json\/wp\/v2\/posts"}],"about":[{"href":"https:\/\/www.associationdemarie.org\/blog\/wp-json\/wp\/v2\/types\/post"}],"author":[{"embeddable":true,"href":"https:\/\/www.associationdemarie.org\/blog\/wp-json\/wp\/v2\/users\/2"}],"replies":[{"embeddable":true,"href":"https:\/\/www.associationdemarie.org\/blog\/wp-json\/wp\/v2\/comments?post=5517"}],"version-history":[{"count":0,"href":"https:\/\/www.associationdemarie.org\/blog\/wp-json\/wp\/v2\/posts\/5517\/revisions"}],"wp:attachment":[{"href":"https:\/\/www.associationdemarie.org\/blog\/wp-json\/wp\/v2\/media?parent=5517"}],"wp:term":[{"taxonomy":"category","embeddable":true,"href":"https:\/\/www.associationdemarie.org\/blog\/wp-json\/wp\/v2\/categories?post=5517"},{"taxonomy":"post_tag","embeddable":true,"href":"https:\/\/www.associationdemarie.org\/blog\/wp-json\/wp\/v2\/tags?post=5517"}],"curies":[{"name":"wp","href":"https:\/\/api.w.org\/{rel}","templated":true}]}}