{"id":5413,"date":"2012-04-23T01:26:17","date_gmt":"2012-04-23T01:26:17","guid":{"rendered":"http:\/\/preprod.meltem-int.com\/marie\/blog\/?p=5413"},"modified":"2012-04-23T01:26:17","modified_gmt":"2012-04-23T01:26:17","slug":"loeuvre-de-dieu-cest-que-vous-croyiez-en-celui-quil-a-envoye","status":"publish","type":"post","link":"https:\/\/www.associationdemarie.org\/blog\/loeuvre-de-dieu-cest-que-vous-croyiez-en-celui-quil-a-envoye\/","title":{"rendered":"\u00ab L&rsquo;\u0153uvre de Dieu, c&rsquo;est que vous croyiez en celui qu&rsquo;il a envoy\u00e9. \u00bb"},"content":{"rendered":"<p><a href=\"https:\/\/www.associationdemarie.org\/blog\/wp-content\/uploads\/2012\/04\/faustinejesus.jpg\"><img loading=\"lazy\" decoding=\"async\" class=\"alignright size-medium wp-image-5414\" title=\"faustinejesus\" src=\"https:\/\/www.associationdemarie.org\/blog\/wp-content\/uploads\/2012\/04\/faustinejesus-185x300.jpg\" alt=\"\" width=\"185\" height=\"300\" srcset=\"https:\/\/www.associationdemarie.org\/blog\/wp-content\/uploads\/2012\/04\/faustinejesus-185x300.jpg 185w, https:\/\/www.associationdemarie.org\/blog\/wp-content\/uploads\/2012\/04\/faustinejesus.jpg 311w\" sizes=\"auto, (max-width: 185px) 100vw, 185px\" \/><\/a>Je m&rsquo;incline devant toi, Pain des anges (Ps 78,25),<br \/>\nAvec une foi profonde, espoir, amour,<br \/>\nEt du plus profond de mon \u00e2me, je t&rsquo;adore<br \/>\nBien que je sois n\u00e9ant.<\/p>\n<p>Je m&rsquo;incline devant toi, Dieu cach\u00e9,<br \/>\nEt de tout mon c\u0153ur, je t&rsquo;aime.<br \/>\nLes voiles du myst\u00e8re ne me g\u00eanent pas ;<br \/>\nJe t&rsquo;aime comme les \u00e9lus au ciel.<\/p>\n<p>Je m&rsquo;incline devant toi, Agneau de Dieu,<br \/>\nQui effaces les p\u00e9ch\u00e9s de mon \u00e2me,<br \/>\nQue je re\u00e7ois en mon c\u0153ur, chaque matin,<br \/>\nEt toi, tu m&rsquo;aides \u00e0 mon salut.<\/p>\n<p><span style=\"color: #ffffff;\">.<\/span><\/p>\n<p>Sainte Faustine Kowalska (1905-1938), religieuse<br \/>\n<em>Petit Journal, \u00a7 1323 (trad. Parole et dialogue 2002, p. 449)<\/em><\/p>\n<p><em><a href=\"https:\/\/www.associationdemarie.org\/blog\/wp-content\/uploads\/2012\/04\/Ste-Faustine.png\"><img loading=\"lazy\" decoding=\"async\" class=\"aligncenter size-full wp-image-5417\" title=\"Ste Faustine\" src=\"https:\/\/www.associationdemarie.org\/blog\/wp-content\/uploads\/2012\/04\/Ste-Faustine.png\" alt=\"\" width=\"410\" height=\"308\" srcset=\"https:\/\/www.associationdemarie.org\/blog\/wp-content\/uploads\/2012\/04\/Ste-Faustine.png 410w, https:\/\/www.associationdemarie.org\/blog\/wp-content\/uploads\/2012\/04\/Ste-Faustine-300x225.png 300w\" sizes=\"auto, (max-width: 410px) 100vw, 410px\" \/><\/a><br \/>\n<\/em><\/p>\n<p><span style=\"color: #ffffff;\"><em>.<\/em><\/span><\/p>\n<p><span style=\"color: #ffffff;\"><em>.<\/em><\/span><\/p>\n","protected":false},"excerpt":{"rendered":"<p>Je m&rsquo;incline devant toi, Pain des anges (Ps 78,25), Avec une foi profonde, espoir, amour, Et du plus profond de mon \u00e2me, je t&rsquo;adore Bien que je sois n\u00e9ant. Je m&rsquo;incline devant toi, Dieu cach\u00e9, Et de tout mon c\u0153ur, je t&rsquo;aime. Les voiles du myst\u00e8re ne me g\u00eanent pas ; Je t&rsquo;aime comme les [&hellip;]<\/p>\n","protected":false},"author":2,"featured_media":0,"comment_status":"closed","ping_status":"closed","sticky":false,"template":"","format":"standard","meta":{"footnotes":""},"categories":[26,28],"tags":[46,295,677,756,1094],"class_list":["post-5413","post","type-post","status-publish","format-standard","hentry","category-priere-des-ames","category-saints-et-saintes","tag-agneau-de-dieu","tag-dieu","tag-miracle-eucharistique","tag-pain-des-anges","tag-ste-faustine"],"_links":{"self":[{"href":"https:\/\/www.associationdemarie.org\/blog\/wp-json\/wp\/v2\/posts\/5413","targetHints":{"allow":["GET"]}}],"collection":[{"href":"https:\/\/www.associationdemarie.org\/blog\/wp-json\/wp\/v2\/posts"}],"about":[{"href":"https:\/\/www.associationdemarie.org\/blog\/wp-json\/wp\/v2\/types\/post"}],"author":[{"embeddable":true,"href":"https:\/\/www.associationdemarie.org\/blog\/wp-json\/wp\/v2\/users\/2"}],"replies":[{"embeddable":true,"href":"https:\/\/www.associationdemarie.org\/blog\/wp-json\/wp\/v2\/comments?post=5413"}],"version-history":[{"count":0,"href":"https:\/\/www.associationdemarie.org\/blog\/wp-json\/wp\/v2\/posts\/5413\/revisions"}],"wp:attachment":[{"href":"https:\/\/www.associationdemarie.org\/blog\/wp-json\/wp\/v2\/media?parent=5413"}],"wp:term":[{"taxonomy":"category","embeddable":true,"href":"https:\/\/www.associationdemarie.org\/blog\/wp-json\/wp\/v2\/categories?post=5413"},{"taxonomy":"post_tag","embeddable":true,"href":"https:\/\/www.associationdemarie.org\/blog\/wp-json\/wp\/v2\/tags?post=5413"}],"curies":[{"name":"wp","href":"https:\/\/api.w.org\/{rel}","templated":true}]}}