{"id":5407,"date":"2012-05-24T01:18:17","date_gmt":"2012-05-24T01:18:17","guid":{"rendered":"http:\/\/preprod.meltem-int.com\/marie\/blog\/?p=5407"},"modified":"2012-05-24T01:18:17","modified_gmt":"2012-05-24T01:18:17","slug":"duc-in-altum-3","status":"publish","type":"post","link":"https:\/\/www.associationdemarie.org\/blog\/duc-in-altum-3\/","title":{"rendered":"Duc in altum&#8230;"},"content":{"rendered":"<p><strong>\u00ab\u00a0Allez dans le monde entier. Proclamez la Bonne Nouvelle \u00e0 toute la cr\u00e9ation\u00a0\u00bb<\/strong><\/p>\n<p><a href=\"https:\/\/www.associationdemarie.org\/blog\/wp-content\/uploads\/2011\/04\/CatholicPopes-John-Paul-II.jpg\"><img loading=\"lazy\" decoding=\"async\" class=\"alignright\" title=\"CatholicPopes John Paul II\" src=\"https:\/\/www.associationdemarie.org\/blog\/wp-content\/uploads\/2011\/04\/CatholicPopes-John-Paul-II-225x300.jpg\" alt=\"\" width=\"180\" height=\"240\" \/><\/a>Duc in altum\u00a0! \u00ab\u00a0Avance en eau profonde\u00a0!\u00a0\u00bb (Lc 5,4) Allons de l&rsquo;avant dans l&rsquo;esp\u00e9rance\u00a0! Un nouveau mill\u00e9naire s&rsquo;ouvre devant l&rsquo;\u00c9glise comme un vaste oc\u00e9an dans lequel s&rsquo;aventurer, comptant sur le soutien du Christ. Le Fils de Dieu, qui s&rsquo;est incarn\u00e9 il y a deux mille ans par amour pour les hommes, accomplit son \u0153uvre encore aujourd&rsquo;hui\u00a0: nous devons avoir un regard p\u00e9n\u00e9trant pour la voir, et surtout nous devons avoir le c\u0153ur large pour en devenir nous-m\u00eames les artisans&#8230; \u00ab\u00a0Allez donc, de toutes les nations faites des disciples, les baptisant au nom du P\u00e8re et du Fils et du Saint Esprit\u00a0\u00bb (Mt 28,19). Ce commandement missionnaire nous introduit dans le troisi\u00e8me mill\u00e9naire et en m\u00eame temps nous appelle au m\u00eame enthousiasme que celui qui a caract\u00e9ris\u00e9 les chr\u00e9tiens de la premi\u00e8re heure\u00a0: nous pouvons compter sur la force de l&rsquo;Esprit lui-m\u00eame, qui a \u00e9t\u00e9 r\u00e9pandu \u00e0 la Pentec\u00f4te et qui nous pousse aujourd&rsquo;hui \u00e0 reprendre la route, soutenus par \u00ab\u00a0l&rsquo;esp\u00e9rance qui ne d\u00e9\u00e7oit pas\u00a0\u00bb (Rm 5,5).<\/p>\n<p>Au d\u00e9but de ce nouveau si\u00e8cle, notre marche doit \u00eatre plus alerte en parcourant \u00e0 nouveau les routes du monde. Les routes sur lesquelles marche chacun de nous, chacune de nos \u00c9glises, sont nombreuses, mais il n&rsquo;y a pas de distance entre ceux qui sont \u00e9troitement unis dans l&rsquo;unique communion, la communion qui chaque jour se nourrit \u00e0 la table du Pain eucharistique et de la Parole de Vie. Chaque dimanche est un peu comme un rendez-vous au C\u00e9nacle que le Christ ressuscit\u00e9 nous redonne, l\u00e0 o\u00f9, le soir du \u00ab\u00a0premier jour de la semaine\u00a0\u00bb (Jn 20,19), il se pr\u00e9senta devant les siens pour \u00ab\u00a0souffler sur eux\u00a0\u00bb le don vivifiant de l&rsquo;Esprit et les lancer dans la grande aventure de l&rsquo;\u00e9vang\u00e9lisation.<\/p>\n<p>Jean-Paul II<br \/>\n<em>Lettre apostolique \u00ab Novo millennio ineunte \u00bb, \u00a7 58 ( trad. \u00a9 Libreria Editrice Vaticana)<\/em><\/p>\n<p>&nbsp;<\/p>\n","protected":false},"excerpt":{"rendered":"<p>\u00ab\u00a0Allez dans le monde entier. Proclamez la Bonne Nouvelle \u00e0 toute la cr\u00e9ation\u00a0\u00bb Duc in altum\u00a0! \u00ab\u00a0Avance en eau profonde\u00a0!\u00a0\u00bb (Lc 5,4) Allons de l&rsquo;avant dans l&rsquo;esp\u00e9rance\u00a0! Un nouveau mill\u00e9naire s&rsquo;ouvre devant l&rsquo;\u00c9glise comme un vaste oc\u00e9an dans lequel s&rsquo;aventurer, comptant sur le soutien du Christ. Le Fils de Dieu, qui s&rsquo;est incarn\u00e9 il y [&hellip;]<\/p>\n","protected":false},"author":2,"featured_media":0,"comment_status":"closed","ping_status":"closed","sticky":false,"template":"","format":"standard","meta":{"footnotes":""},"categories":[2,3,13,28],"tags":[83,158,167,269,322,378,387,412,413,792,905,1055,1059],"class_list":["post-5407","post","type-post","status-publish","format-standard","hentry","category-actualites","category-liturgique","category-ecritures","category-saints-et-saintes","tag-apotre","tag-bienheureux-jean-paul-2","tag-bonne-nouvelle","tag-creation","tag-duc-in-altum","tag-esprit-saint","tag-evangelisation","tag-filet","tag-fils","tag-pere","tag-route","tag-st-luc","tag-st-matthieu"],"_links":{"self":[{"href":"https:\/\/www.associationdemarie.org\/blog\/wp-json\/wp\/v2\/posts\/5407","targetHints":{"allow":["GET"]}}],"collection":[{"href":"https:\/\/www.associationdemarie.org\/blog\/wp-json\/wp\/v2\/posts"}],"about":[{"href":"https:\/\/www.associationdemarie.org\/blog\/wp-json\/wp\/v2\/types\/post"}],"author":[{"embeddable":true,"href":"https:\/\/www.associationdemarie.org\/blog\/wp-json\/wp\/v2\/users\/2"}],"replies":[{"embeddable":true,"href":"https:\/\/www.associationdemarie.org\/blog\/wp-json\/wp\/v2\/comments?post=5407"}],"version-history":[{"count":0,"href":"https:\/\/www.associationdemarie.org\/blog\/wp-json\/wp\/v2\/posts\/5407\/revisions"}],"wp:attachment":[{"href":"https:\/\/www.associationdemarie.org\/blog\/wp-json\/wp\/v2\/media?parent=5407"}],"wp:term":[{"taxonomy":"category","embeddable":true,"href":"https:\/\/www.associationdemarie.org\/blog\/wp-json\/wp\/v2\/categories?post=5407"},{"taxonomy":"post_tag","embeddable":true,"href":"https:\/\/www.associationdemarie.org\/blog\/wp-json\/wp\/v2\/tags?post=5407"}],"curies":[{"name":"wp","href":"https:\/\/api.w.org\/{rel}","templated":true}]}}