{"id":536,"date":"2009-09-01T14:04:42","date_gmt":"2009-09-01T14:04:42","guid":{"rendered":"http:\/\/www.associationdemarie.com\/?p=536"},"modified":"2009-09-01T14:04:42","modified_gmt":"2009-09-01T14:04:42","slug":"un-peu-dhistoire-2","status":"publish","type":"post","link":"https:\/\/www.associationdemarie.org\/blog\/un-peu-dhistoire-2\/","title":{"rendered":"Un peu d&rsquo;histoire&#8230;"},"content":{"rendered":"<p style=\"margin: 0.0px 0.0px 0.0px 0.0px; font: 10.0px Verdana;\">Nous sommes encore tr\u00e8s proches de la solennit\u00e9 de l\u2019Assomption. On\u00a0parle souvent de la \u00ab France comme Fille a\u00een\u00e9e de l\u2019Eglise \u00bb, et l\u2019on sait moins\u00a0que c\u2019est le roi Louis XIII, fils du protestant converti au catholicisme Henri IV, qui\u00a0a consacr\u00e9 notre pays \u00e0 Notre Dame de l\u2019Assomption !<\/p>\n<p style=\"margin: 0.0px 0.0px 0.0px 0.0px; font: 10.0px Verdana;\">Le 10 f\u00e9vrier 1638, le roi de France Louis XIII, pour proclamer sa\u00a0reconnaissance ainsi que celle de tout son royaume \u00e0 la Vierge Marie, apr\u00e8s la\u00a0naissance d&rsquo;un h\u00e9ritier -le futur Louis XIV- et pour lui prouver sa confiance\u00a0absolue, formule un voeu de cons\u00e9cration de lui-m\u00eame, de sa famille et de la\u00a0France, \u00e0 Notre Dame de l&rsquo;Assomption. Ce voeu a \u00e9t\u00e9 publi\u00e9 sous la forme d\u2019un\u00a0\u00e9dit royal.<\/p>\n<p style=\"margin: 0.0px 0.0px 0.0px 0.0px; font: 10.0px Verdana;\">\u00ab (\u2026)Prenant la tr\u00e8s sainte et tr\u00e8s glorieuse Vierge pour protectrice\u00a0sp\u00e9ciale de notre royaume, nous lui consacrons particuli\u00e8rement notre personne,\u00a0notre Etat, notre couronne et nos sujets. Tant de gr\u00e2ces si \u00e9videntes font que\u00a0pour n&rsquo;en diff\u00e9rer pas la reconnaissance, sans attendre la paix, qui nous viendra\u00a0de la m\u00eame main dont nous les avons re\u00e7ues, et que nous d\u00e9sirons avec ardeur\u00a0pour en faire sentir les fruits aux peuples qui nous sont commis, nous avons cru\u00a0\u00eatre oblig\u00e9s, nous prosternant aux pieds de sa majest\u00e9 divine que nous adorons\u00a0en trois personnes, \u00e0 ceux de la Sainte Vierge et de la sacr\u00e9e croix, o\u00f9 nous\u00a0v\u00e9n\u00e9rons l&rsquo;accomplissement des myst\u00e8res de notre r\u00e9demption par la vie et la\u00a0mort du Fils de Dieu en notre chair, de nous consacrer \u00e0 la grandeur de Dieu par\u00a0son Fils rabaiss\u00e9 jusqu&rsquo;\u00e0 nous et \u00e0 ce Fils par sa M\u00e8re \u00e9lev\u00e9e jusqu&rsquo;\u00e0 lui ; en la\u00a0protection de laquelle nous mettons particuli\u00e8rement notre personne, notre Etat,\u00a0notre couronne et tous nos sujets pour obtenir par ce moyen celle de la Sainte\u00a0Trinit\u00e9, par son intercession et de toute la cour c\u00e9leste par son autorit\u00e9 et\u00a0exemple, nos mains n&rsquo;\u00e9tant pas assez pures pour pr\u00e9senter nos offrandes \u00e0 la\u00a0puret\u00e9 m\u00eame, nous croyons que celles qui ont \u00e9t\u00e9 dignes de le porter, les rendront hosties agr\u00e9ables et c&rsquo;est chose bien raisonnable qu&rsquo;ayant \u00e9t\u00e9\u00a0m\u00e9diatrice de ces bienfaits, elle le soit de nos actions de gr\u00e2ces. A ces causes, nous\u00a0avons d\u00e9clar\u00e9 et d\u00e9clarons que prenant la tr\u00e8s sainte et tr\u00e8s glorieuse Vierge pour\u00a0protectrice sp\u00e9ciale de notre royaume, nous lui consacrons particuli\u00e8rement notre\u00a0personne, notre Etat, notre couronne et nos sujets, la suppliant de nous vouloir\u00a0inspirer une sainte conduite et d\u00e9fendre avec tant de soin ce royaume contre l&rsquo;effort\u00a0de tous ses ennemis, que, soit qu&rsquo;il souffre le fl\u00e9au de la guerre, ou jouisse de la\u00a0douceur de la paix que nous demandons \u00e0 Dieu de tout notre coeur, il ne sorte point\u00a0des voies de la gr\u00e2ce qui conduisent \u00e0 celles de la gloire. Et afin que la post\u00e9rit\u00e9 ne\u00a0puisse manquer \u00e0 suivre nos volont\u00e9s en ce sujet, pour monument et marque\u00a0immortelle de la cons\u00e9cration pr\u00e9sente que nous faisons, nous ferons construire de\u00a0nouveau le grand autel de l&rsquo;Eglise cath\u00e9drale de Paris avec une image de la Vierge\u00a0qui tienne en ses bras celle de son pr\u00e9cieux Fils descendu de la Croix et o\u00f9 nous\u00a0serons repr\u00e9sent\u00e9s aux pieds du Fils et de la M\u00e8re comme leur offrant notre couronne\u00a0et notre sceptre (\u2026) \u00bb. Louis, par la gr\u00e2ce de Dieu, roi de France et de Navarre.<\/p>\n<p style=\"margin: 0.0px 0.0px 0.0px 0.0px; font: 10.0px Verdana;\">Lors de la proclamation du voeu de Louis XIII, la Reine Anne d&rsquo;Autriche son\u00a0\u00e9pouse, est enceinte depuis deux mois. Le 5 septembre 1638, elle accouche d&rsquo;un\u00a0gar\u00e7on que l&rsquo;on pr\u00e9nomme Louis-Dieudonn\u00e9 et qui deviendra Louis XIV. Quant \u00e0 la\u00a0f\u00eate de l&rsquo;Assomption, le 15 ao\u00fbt, elle est officiellement, depuis le voeu de\u00a0Louis XIII, une f\u00eate nationale fran\u00e7aise ; avant m\u00eame que soit au 20<span style=\"font: 6.5px Verdana;\">\u00e8me <\/span>si\u00e8cle le\u00a0dogme marial que l\u2019on conna\u00eet !!! \u2026 Le roi Louis XIII, par suite \u00e0 sa victoire\u00a0cons\u00e9quente au si\u00e8ge de la Rochelle en 1628, avait d\u00e9j\u00e0 d\u00e9cid\u00e9 la construction de\u00a0l&rsquo;\u00e9glise Notre-Dame-des-Victoires ; aujourd\u2019hui c\u00e9l\u00e9brissime sanctuaire marial.<\/p>\n","protected":false},"excerpt":{"rendered":"<p>Nous sommes encore tr\u00e8s proches de la solennit\u00e9 de l\u2019Assomption. On\u00a0parle souvent de la \u00ab France comme Fille a\u00een\u00e9e de l\u2019Eglise \u00bb, et l\u2019on sait moins\u00a0que c\u2019est le roi Louis XIII, fils du protestant converti au catholicisme Henri IV, qui\u00a0a consacr\u00e9 notre pays \u00e0 Notre Dame de l\u2019Assomption ! Le 10 f\u00e9vrier 1638, le roi [&hellip;]<\/p>\n","protected":false},"author":2,"featured_media":0,"comment_status":"closed","ping_status":"closed","sticky":false,"template":"","format":"standard","meta":{"footnotes":""},"categories":[15],"tags":[114,336,908],"class_list":["post-536","post","type-post","status-publish","format-standard","hentry","category-histoire","tag-assomption","tag-eglise","tag-royaute"],"_links":{"self":[{"href":"https:\/\/www.associationdemarie.org\/blog\/wp-json\/wp\/v2\/posts\/536","targetHints":{"allow":["GET"]}}],"collection":[{"href":"https:\/\/www.associationdemarie.org\/blog\/wp-json\/wp\/v2\/posts"}],"about":[{"href":"https:\/\/www.associationdemarie.org\/blog\/wp-json\/wp\/v2\/types\/post"}],"author":[{"embeddable":true,"href":"https:\/\/www.associationdemarie.org\/blog\/wp-json\/wp\/v2\/users\/2"}],"replies":[{"embeddable":true,"href":"https:\/\/www.associationdemarie.org\/blog\/wp-json\/wp\/v2\/comments?post=536"}],"version-history":[{"count":0,"href":"https:\/\/www.associationdemarie.org\/blog\/wp-json\/wp\/v2\/posts\/536\/revisions"}],"wp:attachment":[{"href":"https:\/\/www.associationdemarie.org\/blog\/wp-json\/wp\/v2\/media?parent=536"}],"wp:term":[{"taxonomy":"category","embeddable":true,"href":"https:\/\/www.associationdemarie.org\/blog\/wp-json\/wp\/v2\/categories?post=536"},{"taxonomy":"post_tag","embeddable":true,"href":"https:\/\/www.associationdemarie.org\/blog\/wp-json\/wp\/v2\/tags?post=536"}],"curies":[{"name":"wp","href":"https:\/\/api.w.org\/{rel}","templated":true}]}}