{"id":5323,"date":"2012-04-17T01:02:25","date_gmt":"2012-04-17T01:02:25","guid":{"rendered":"http:\/\/preprod.meltem-int.com\/marie\/blog\/?p=5323"},"modified":"2012-04-17T01:02:25","modified_gmt":"2012-04-17T01:02:25","slug":"prieres-et-sacrifices-2","status":"publish","type":"post","link":"https:\/\/www.associationdemarie.org\/blog\/prieres-et-sacrifices-2\/","title":{"rendered":"Pri\u00e8res et sacrifices"},"content":{"rendered":"<p><a href=\"https:\/\/www.associationdemarie.org\/blog\/wp-content\/uploads\/2011\/04\/communion26-2501d.jpg\"><img loading=\"lazy\" decoding=\"async\" class=\"alignleft\" title=\"communion\" src=\"https:\/\/www.associationdemarie.org\/blog\/wp-content\/uploads\/2011\/04\/communion26-2501d-150x150.jpg\" alt=\"\" width=\"150\" height=\"150\" \/><\/a>Mes enfants, je viens vous demander en ce jour la pri\u00e8re, la pri\u00e8re du c\u0153ur adress\u00e9e \u00e0 votre P\u00e8re C\u00e9leste afin de vivre en union avec Lui et pouvoir ainsi porter secours autour de vous par l\u2019interm\u00e9diaire de l\u2019Esprit Saint. Que de gr\u00e2ces Dieu le P\u00e8re vous r\u00e9serve dans Sa contemplation et dans l\u2019amour de la pri\u00e8re. Vivez les paroles de la pri\u00e8re adress\u00e9e \u00e0 Dieu le P\u00e8re, vivez les sacrements en la Sainte Messe et lors des diff\u00e9rentes \u00e9tapes de la vie qui vous rapprochent aupr\u00e8s de Lui.<\/p>\n<p>M\u00eame si la P\u00e2que est pass\u00e9e, vous ne devez point ralentir vos pri\u00e8res et sacrifices, mais bien au contraire les poursuivre et les augmenter pour le bien de tous. Votre P\u00e8re \u00e9coute avec tendresse vos appels\u00a0; avec compassion Il vous r\u00e9pond et avec mis\u00e9ricorde Il vous pardonne vos p\u00e9ch\u00e9s.<\/p>\n<p>Marie M\u00e8re des hommes &#8211; avril 1998<\/p>\n<p><span style=\"color: #ffffff;\">.<\/span><\/p>\n<p>&nbsp;<\/p>\n","protected":false},"excerpt":{"rendered":"<p>Mes enfants, je viens vous demander en ce jour la pri\u00e8re, la pri\u00e8re du c\u0153ur adress\u00e9e \u00e0 votre P\u00e8re C\u00e9leste afin de vivre en union avec Lui et pouvoir ainsi porter secours autour de vous par l\u2019interm\u00e9diaire de l\u2019Esprit Saint. Que de gr\u00e2ces Dieu le P\u00e8re vous r\u00e9serve dans Sa contemplation et dans l\u2019amour de [&hellip;]<\/p>\n","protected":false},"author":2,"featured_media":0,"comment_status":"closed","ping_status":"closed","sticky":false,"template":"","format":"standard","meta":{"footnotes":""},"categories":[10,13,19],"tags":[297,378,678,1388,917,938],"class_list":["post-5323","post","type-post","status-publish","format-standard","hentry","category-careme-2012","category-ecritures","category-messages","tag-dieu-le-pere","tag-esprit-saint","tag-misericorde","tag-prieres","tag-sacrifice","tag-sainte-messe"],"_links":{"self":[{"href":"https:\/\/www.associationdemarie.org\/blog\/wp-json\/wp\/v2\/posts\/5323","targetHints":{"allow":["GET"]}}],"collection":[{"href":"https:\/\/www.associationdemarie.org\/blog\/wp-json\/wp\/v2\/posts"}],"about":[{"href":"https:\/\/www.associationdemarie.org\/blog\/wp-json\/wp\/v2\/types\/post"}],"author":[{"embeddable":true,"href":"https:\/\/www.associationdemarie.org\/blog\/wp-json\/wp\/v2\/users\/2"}],"replies":[{"embeddable":true,"href":"https:\/\/www.associationdemarie.org\/blog\/wp-json\/wp\/v2\/comments?post=5323"}],"version-history":[{"count":0,"href":"https:\/\/www.associationdemarie.org\/blog\/wp-json\/wp\/v2\/posts\/5323\/revisions"}],"wp:attachment":[{"href":"https:\/\/www.associationdemarie.org\/blog\/wp-json\/wp\/v2\/media?parent=5323"}],"wp:term":[{"taxonomy":"category","embeddable":true,"href":"https:\/\/www.associationdemarie.org\/blog\/wp-json\/wp\/v2\/categories?post=5323"},{"taxonomy":"post_tag","embeddable":true,"href":"https:\/\/www.associationdemarie.org\/blog\/wp-json\/wp\/v2\/tags?post=5323"}],"curies":[{"name":"wp","href":"https:\/\/api.w.org\/{rel}","templated":true}]}}