{"id":5273,"date":"2012-04-07T01:29:50","date_gmt":"2012-04-07T01:29:50","guid":{"rendered":"http:\/\/preprod.meltem-int.com\/marie\/blog\/?p=5273"},"modified":"2012-04-07T01:29:50","modified_gmt":"2012-04-07T01:29:50","slug":"voici-que-je-fais-lunivers-nouveau-ap-215","status":"publish","type":"post","link":"https:\/\/www.associationdemarie.org\/blog\/voici-que-je-fais-lunivers-nouveau-ap-215\/","title":{"rendered":"\u00ab Voici que je fais l&rsquo;univers nouveau. \u00bb (Ap 21,5)"},"content":{"rendered":"<p>Le monde entier, qui c\u00e9l\u00e8bre la veill\u00e9e pascale tout au long de cette nuit, t\u00e9moigne de la grandeur et de la solennit\u00e9 de cette nuit. Et \u00e0 juste titre : en cette nuit la mort a \u00e9t\u00e9 vaincue, la Vie est vivante, le Christ est ressuscit\u00e9 des morts. Jadis Mo\u00efse avait dit au peuple, \u00e0 propos de cette Vie : \u00ab Vous verrez votre vie suspendue au bois de jour et de nuit \u00bb (Dt 28,66 Vulg)&#8230; Qu&rsquo;il s&rsquo;agit l\u00e0 du Christ Seigneur, c&rsquo;est lui-m\u00eame qui nous le montre dans l&rsquo;\u00c9vangile quand il dit : \u00ab Je suis la Voie, la V\u00e9rit\u00e9 et la Vie \u00bb (Jn 14,6). Il se dit la voie, parce qu&rsquo;il conduit au P\u00e8re ; la v\u00e9rit\u00e9, parce qu&rsquo;il condamne le mensonge ; et la vie, parce qu&rsquo;il commande \u00e0 la mort&#8230; : \u00ab Mort, o\u00f9 est ton aiguillon ? Mort, o\u00f9 est ta victoire ? \u00bb (1Co 15,55) Car la mort, qui \u00e9tait toujours victorieuse, a \u00e9t\u00e9 vaincue par la mort de son vainqueur. La Vie a accept\u00e9 de mourir pour mettre la mort en d\u00e9route. De m\u00eame qu&rsquo;au lever du jour les t\u00e9n\u00e8bres disparaissent, ainsi la mort a \u00e9t\u00e9 an\u00e9antie lorsque s&rsquo;est lev\u00e9e la Vie \u00e9ternelle&#8230;<\/p>\n<p>Voici donc le temps de P\u00e2ques. Jadis, Mo\u00efse en a parl\u00e9 au peuple en disant : \u00ab Ce mois sera pour vous le premier des mois de l&rsquo;ann\u00e9e \u00bb (Ex 12,2)&#8230; Le premier mois de l&rsquo;ann\u00e9e n&rsquo;est donc pas celui de janvier, o\u00f9 tout est mort, mais le temps de P\u00e2ques, o\u00f9 tout revient \u00e0 la vie. Car c&rsquo;est maintenant que l&rsquo;herbe des pr\u00e9s, en quelque sorte, ressuscite de la mort, maintenant qu&rsquo;il y a des fleurs aux arbres, et que les vignes bourgeonnent, maintenant que l&rsquo;air lui-m\u00eame semble heureux du d\u00e9but d&rsquo;une ann\u00e9e nouvelle&#8230; Ce temps de P\u00e2ques est donc le premier mois, le temps nouveau&#8230;, et en ce jour le genre humain aussi est renouvel\u00e9. Car aujourd&rsquo;hui, dans le monde entier, des peuples innombrables ressuscitent par l&rsquo;eau du bapt\u00eame pour une vie nouvelle&#8230; Nous donc, qui croyons que le temps de P\u00e2ques est vraiment l&rsquo;ann\u00e9e nouvelle, nous devons c\u00e9l\u00e9brer ce saint jour en toute all\u00e9gresse, exultation, et joie spirituelle, afin de pouvoir dire en toute v\u00e9rit\u00e9 ce refrain du psaume : \u00ab Voici le jour que le Seigneur a fait ; vivons-le dans la joie et l&rsquo;all\u00e9gresse \u00bb (117,24).<\/p>\n<p>Saint Chromace d&rsquo;Aquil\u00e9e (?-407), \u00e9v\u00eaque<br \/>\n<em>Sermon 17, 2\u00e8me pour la Grande Nuit ; SC 154 (trad. SC p. 269 rev.)<\/em><\/p>\n<p><span style=\"color: #ffffff;\"><em>.<\/em><\/span><\/p>\n<p><span style=\"color: #ffffff;\"><em>.<\/em><\/span><\/p>\n","protected":false},"excerpt":{"rendered":"<p>Le monde entier, qui c\u00e9l\u00e8bre la veill\u00e9e pascale tout au long de cette nuit, t\u00e9moigne de la grandeur et de la solennit\u00e9 de cette nuit. Et \u00e0 juste titre : en cette nuit la mort a \u00e9t\u00e9 vaincue, la Vie est vivante, le Christ est ressuscit\u00e9 des morts. Jadis Mo\u00efse avait dit au peuple, \u00e0 [&hellip;]<\/p>\n","protected":false},"author":2,"featured_media":0,"comment_status":"closed","ping_status":"closed","sticky":false,"template":"","format":"standard","meta":{"footnotes":""},"categories":[3,10,28],"tags":[269,709,763,926,953],"class_list":["post-5273","post","type-post","status-publish","format-standard","hentry","category-liturgique","category-careme-2012","category-saints-et-saintes","tag-creation","tag-nature","tag-paques","tag-saint-chromace-daquilee","tag-samedi-saint"],"_links":{"self":[{"href":"https:\/\/www.associationdemarie.org\/blog\/wp-json\/wp\/v2\/posts\/5273","targetHints":{"allow":["GET"]}}],"collection":[{"href":"https:\/\/www.associationdemarie.org\/blog\/wp-json\/wp\/v2\/posts"}],"about":[{"href":"https:\/\/www.associationdemarie.org\/blog\/wp-json\/wp\/v2\/types\/post"}],"author":[{"embeddable":true,"href":"https:\/\/www.associationdemarie.org\/blog\/wp-json\/wp\/v2\/users\/2"}],"replies":[{"embeddable":true,"href":"https:\/\/www.associationdemarie.org\/blog\/wp-json\/wp\/v2\/comments?post=5273"}],"version-history":[{"count":0,"href":"https:\/\/www.associationdemarie.org\/blog\/wp-json\/wp\/v2\/posts\/5273\/revisions"}],"wp:attachment":[{"href":"https:\/\/www.associationdemarie.org\/blog\/wp-json\/wp\/v2\/media?parent=5273"}],"wp:term":[{"taxonomy":"category","embeddable":true,"href":"https:\/\/www.associationdemarie.org\/blog\/wp-json\/wp\/v2\/categories?post=5273"},{"taxonomy":"post_tag","embeddable":true,"href":"https:\/\/www.associationdemarie.org\/blog\/wp-json\/wp\/v2\/tags?post=5273"}],"curies":[{"name":"wp","href":"https:\/\/api.w.org\/{rel}","templated":true}]}}