{"id":521,"date":"2009-08-26T15:00:44","date_gmt":"2009-08-26T15:00:44","guid":{"rendered":"http:\/\/www.associationdemarie.com\/?p=521"},"modified":"2009-08-26T15:00:44","modified_gmt":"2009-08-26T15:00:44","slug":"bulletin-n14","status":"publish","type":"post","link":"https:\/\/www.associationdemarie.org\/blog\/bulletin-n14\/","title":{"rendered":"Bulletin n\u00b014"},"content":{"rendered":"<p>La journ\u00e9e du 15 ao\u00fbt fut une grande journ\u00e9e de pri\u00e8res, de rencontre, de recueillement et de convivialit\u00e9. Marie nous a fait la gr\u00e2ce d&rsquo;un message apr\u00e8s le Chemin de Croix et d&rsquo;un tr\u00e8s beau message durant l&rsquo;apr\u00e8s-midi, si ce n&rsquo;est les attaques r\u00e9p\u00e9t\u00e9es du Malin sur Roger Emanuel.<\/p>\n<p>La journ\u00e9e s&rsquo;est cl\u00f4tur\u00e9e par la messe et un repas pris en commun.<\/p>\n<figure id=\"attachment_525\" aria-describedby=\"caption-attachment-525\" style=\"width: 208px\" class=\"wp-caption aligncenter\"><a href=\"https:\/\/www.associationdemarie.org\/blog\/wp-content\/uploads\/2009\/08\/bulletin-014.pdf\"><img loading=\"lazy\" decoding=\"async\" class=\"size-medium wp-image-525\" title=\"Bulletin 014\" src=\"https:\/\/www.associationdemarie.org\/blog\/wp-content\/uploads\/2009\/08\/bulletin-014_Page_11-208x300.jpg\" alt=\"T\u00e9lecharger le bulletin n\u00b014\" width=\"208\" height=\"300\" srcset=\"https:\/\/www.associationdemarie.org\/blog\/wp-content\/uploads\/2009\/08\/bulletin-014_Page_11-208x300.jpg 208w, https:\/\/www.associationdemarie.org\/blog\/wp-content\/uploads\/2009\/08\/bulletin-014_Page_11.jpg 250w\" sizes=\"auto, (max-width: 208px) 100vw, 208px\" \/><\/a><figcaption id=\"caption-attachment-525\" class=\"wp-caption-text\">T\u00e9lecharger le bulletin n\u00b014<\/figcaption><\/figure>\n","protected":false},"excerpt":{"rendered":"<p>La journ\u00e9e du 15 ao\u00fbt fut une grande journ\u00e9e de pri\u00e8res, de rencontre, de recueillement et de convivialit\u00e9. Marie nous a fait la gr\u00e2ce d&rsquo;un message apr\u00e8s le Chemin de Croix et d&rsquo;un tr\u00e8s beau message durant l&rsquo;apr\u00e8s-midi, si ce n&rsquo;est les attaques r\u00e9p\u00e9t\u00e9es du Malin sur Roger Emanuel. La journ\u00e9e s&rsquo;est cl\u00f4tur\u00e9e par la [&hellip;]<\/p>\n","protected":false},"author":2,"featured_media":0,"comment_status":"closed","ping_status":"closed","sticky":false,"template":"","format":"standard","meta":{"footnotes":""},"categories":[2,5,19],"tags":[1379,1380,1386,880],"class_list":["post-521","post","type-post","status-publish","format-standard","hentry","category-actualites","category-bulletin","category-messages","tag-actualites","tag-bulletin","tag-messages","tag-rencontre"],"_links":{"self":[{"href":"https:\/\/www.associationdemarie.org\/blog\/wp-json\/wp\/v2\/posts\/521","targetHints":{"allow":["GET"]}}],"collection":[{"href":"https:\/\/www.associationdemarie.org\/blog\/wp-json\/wp\/v2\/posts"}],"about":[{"href":"https:\/\/www.associationdemarie.org\/blog\/wp-json\/wp\/v2\/types\/post"}],"author":[{"embeddable":true,"href":"https:\/\/www.associationdemarie.org\/blog\/wp-json\/wp\/v2\/users\/2"}],"replies":[{"embeddable":true,"href":"https:\/\/www.associationdemarie.org\/blog\/wp-json\/wp\/v2\/comments?post=521"}],"version-history":[{"count":0,"href":"https:\/\/www.associationdemarie.org\/blog\/wp-json\/wp\/v2\/posts\/521\/revisions"}],"wp:attachment":[{"href":"https:\/\/www.associationdemarie.org\/blog\/wp-json\/wp\/v2\/media?parent=521"}],"wp:term":[{"taxonomy":"category","embeddable":true,"href":"https:\/\/www.associationdemarie.org\/blog\/wp-json\/wp\/v2\/categories?post=521"},{"taxonomy":"post_tag","embeddable":true,"href":"https:\/\/www.associationdemarie.org\/blog\/wp-json\/wp\/v2\/tags?post=521"}],"curies":[{"name":"wp","href":"https:\/\/api.w.org\/{rel}","templated":true}]}}