{"id":5197,"date":"2012-03-31T01:13:36","date_gmt":"2012-03-31T01:13:36","guid":{"rendered":"http:\/\/preprod.meltem-int.com\/marie\/blog\/?p=5197"},"modified":"2012-03-31T01:13:36","modified_gmt":"2012-03-31T01:13:36","slug":"intentions-de-prieres-de-benoit-16-pour-avril-2012","status":"publish","type":"post","link":"https:\/\/www.associationdemarie.org\/blog\/intentions-de-prieres-de-benoit-16-pour-avril-2012\/","title":{"rendered":"Intentions de pri\u00e8res de Beno\u00eet 16 pour avril 2012"},"content":{"rendered":"<p><a href=\"http:\/\/preprod.meltem-int.com\/marie\/blog\/wp-content\/uploads\/2012\/03\/Beno\u00eet-16.jpeg\"><img loading=\"lazy\" decoding=\"async\" class=\"aligncenter size-full wp-image-5198\" title=\"Beno\u00eet 16\" src=\"http:\/\/preprod.meltem-int.com\/marie\/blog\/wp-content\/uploads\/2012\/03\/Beno\u00eet-16.jpeg\" alt=\"\" width=\"280\" height=\"180\" \/><\/a><\/p>\n<p><strong>Universelle<\/strong> &#8211;\u00a0<strong>Les vocations<\/strong><br \/>\nPour que de nombreux jeunes sachent accueillir l&rsquo;appel du Christ \u00e0 le suivre dans le minist\u00e8re\u00a0sacerdotal et dans la vie religieuse.<\/p>\n<p><strong>Missionnaire<\/strong> &#8211;\u00a0<strong>Le Christ, esp\u00e9rance des peuples d&rsquo;Afrique<\/strong><br \/>\nPour que le Christ ressuscit\u00e9 soit signe d&rsquo;une r\u00e9elle esp\u00e9rance pour les hommes et les femmes\u00a0du continent africain.<\/p>\n<p><span style=\"color: #ffffff;\">.<\/span><\/p>\n<p><span style=\"color: #ffffff;\">.<\/span><\/p>\n","protected":false},"excerpt":{"rendered":"<p>Universelle &#8211;\u00a0Les vocations Pour que de nombreux jeunes sachent accueillir l&rsquo;appel du Christ \u00e0 le suivre dans le minist\u00e8re\u00a0sacerdotal et dans la vie religieuse. Missionnaire &#8211;\u00a0Le Christ, esp\u00e9rance des peuples d&rsquo;Afrique Pour que le Christ ressuscit\u00e9 soit signe d&rsquo;une r\u00e9elle esp\u00e9rance pour les hommes et les femmes\u00a0du continent africain. . .<\/p>\n","protected":false},"author":2,"featured_media":0,"comment_status":"closed","ping_status":"closed","sticky":false,"template":"","format":"standard","meta":{"footnotes":""},"categories":[2,14],"tags":[45,142,220,504,1199],"class_list":["post-5197","post","type-post","status-publish","format-standard","hentry","category-actualites","category-groupe-prieres","tag-afrique","tag-benoit-16","tag-christ","tag-intentions-de-priere","tag-vocation"],"_links":{"self":[{"href":"https:\/\/www.associationdemarie.org\/blog\/wp-json\/wp\/v2\/posts\/5197","targetHints":{"allow":["GET"]}}],"collection":[{"href":"https:\/\/www.associationdemarie.org\/blog\/wp-json\/wp\/v2\/posts"}],"about":[{"href":"https:\/\/www.associationdemarie.org\/blog\/wp-json\/wp\/v2\/types\/post"}],"author":[{"embeddable":true,"href":"https:\/\/www.associationdemarie.org\/blog\/wp-json\/wp\/v2\/users\/2"}],"replies":[{"embeddable":true,"href":"https:\/\/www.associationdemarie.org\/blog\/wp-json\/wp\/v2\/comments?post=5197"}],"version-history":[{"count":0,"href":"https:\/\/www.associationdemarie.org\/blog\/wp-json\/wp\/v2\/posts\/5197\/revisions"}],"wp:attachment":[{"href":"https:\/\/www.associationdemarie.org\/blog\/wp-json\/wp\/v2\/media?parent=5197"}],"wp:term":[{"taxonomy":"category","embeddable":true,"href":"https:\/\/www.associationdemarie.org\/blog\/wp-json\/wp\/v2\/categories?post=5197"},{"taxonomy":"post_tag","embeddable":true,"href":"https:\/\/www.associationdemarie.org\/blog\/wp-json\/wp\/v2\/tags?post=5197"}],"curies":[{"name":"wp","href":"https:\/\/api.w.org\/{rel}","templated":true}]}}