{"id":5191,"date":"2012-03-11T09:47:45","date_gmt":"2012-03-11T09:47:45","guid":{"rendered":"http:\/\/preprod.meltem-int.com\/marie\/blog\/?p=5191"},"modified":"2012-03-11T09:47:45","modified_gmt":"2012-03-11T09:47:45","slug":"debut-de-la-neuvaine-de-st-paul-pour-ardouane","status":"publish","type":"post","link":"https:\/\/www.associationdemarie.org\/blog\/debut-de-la-neuvaine-de-st-paul-pour-ardouane\/","title":{"rendered":"D\u00e9but de la neuvaine de St Paul pour Ardouane"},"content":{"rendered":"<p><strong>Premi\u00e8re lettre de saint Paul Ap\u00f4tre aux Corinthiens\u00a0<span dir=\"ltr\">1,22-25.<\/span> <\/strong><\/p>\n<p><strong> <\/strong><span style=\"color: #ffffff;\"><a href=\"https:\/\/www.associationdemarie.org\/blog\/wp-content\/uploads\/2012\/03\/St-Paul.jpg\"><img loading=\"lazy\" decoding=\"async\" class=\"alignright size-medium wp-image-5192\" title=\"St Paul\" src=\"https:\/\/www.associationdemarie.org\/blog\/wp-content\/uploads\/2012\/03\/St-Paul-213x300.jpg\" alt=\"\" width=\"213\" height=\"300\" srcset=\"https:\/\/www.associationdemarie.org\/blog\/wp-content\/uploads\/2012\/03\/St-Paul-213x300.jpg 213w, https:\/\/www.associationdemarie.org\/blog\/wp-content\/uploads\/2012\/03\/St-Paul.jpg 333w\" sizes=\"auto, (max-width: 213px) 100vw, 213px\" \/><\/a>.<\/span><br \/>\n<span>F<\/span>r\u00e8res, alors que les Juifs r\u00e9clament les signes du Messie, et que le monde grec recherche une sagesse,<br \/>\nnous, nous proclamons un Messie crucifi\u00e9, scandale pour les Juifs, folie pour les peuples pa\u00efens.<br \/>\nMais pour ceux que Dieu appelle, qu&rsquo;ils soient Juifs ou Grecs, ce Messie est puissance de Dieu et sagesse de Dieu.<br \/>\nCar la folie de Dieu est plus sage que l&rsquo;homme, et la faiblesse de Dieu est plus forte que l&rsquo;homme.<\/p>\n<p><span style=\"color: #ffffff;\">..<\/span><\/p>\n<p><span style=\"color: #ffffff;\"><br \/>\n<\/span><\/p>\n<p><span style=\"color: #ffffff;\">.<\/span><\/p>\n","protected":false},"excerpt":{"rendered":"<p>Premi\u00e8re lettre de saint Paul Ap\u00f4tre aux Corinthiens\u00a01,22-25. . Fr\u00e8res, alors que les Juifs r\u00e9clament les signes du Messie, et que le monde grec recherche une sagesse, nous, nous proclamons un Messie crucifi\u00e9, scandale pour les Juifs, folie pour les peuples pa\u00efens. Mais pour ceux que Dieu appelle, qu&rsquo;ils soient Juifs ou Grecs, ce Messie [&hellip;]<\/p>\n","protected":false},"author":2,"featured_media":0,"comment_status":"closed","ping_status":"closed","sticky":false,"template":"","format":"standard","meta":{"footnotes":""},"categories":[2,10,14,17,28],"tags":[616,640,712,1068],"class_list":["post-5191","post","type-post","status-publish","format-standard","hentry","category-actualites","category-careme-2012","category-groupe-prieres","category-maison-de-marie-dardouane","category-saints-et-saintes","tag-maison-de-marie","tag-marie-mere-des-hommes","tag-neuvaine","tag-st-paul"],"_links":{"self":[{"href":"https:\/\/www.associationdemarie.org\/blog\/wp-json\/wp\/v2\/posts\/5191","targetHints":{"allow":["GET"]}}],"collection":[{"href":"https:\/\/www.associationdemarie.org\/blog\/wp-json\/wp\/v2\/posts"}],"about":[{"href":"https:\/\/www.associationdemarie.org\/blog\/wp-json\/wp\/v2\/types\/post"}],"author":[{"embeddable":true,"href":"https:\/\/www.associationdemarie.org\/blog\/wp-json\/wp\/v2\/users\/2"}],"replies":[{"embeddable":true,"href":"https:\/\/www.associationdemarie.org\/blog\/wp-json\/wp\/v2\/comments?post=5191"}],"version-history":[{"count":0,"href":"https:\/\/www.associationdemarie.org\/blog\/wp-json\/wp\/v2\/posts\/5191\/revisions"}],"wp:attachment":[{"href":"https:\/\/www.associationdemarie.org\/blog\/wp-json\/wp\/v2\/media?parent=5191"}],"wp:term":[{"taxonomy":"category","embeddable":true,"href":"https:\/\/www.associationdemarie.org\/blog\/wp-json\/wp\/v2\/categories?post=5191"},{"taxonomy":"post_tag","embeddable":true,"href":"https:\/\/www.associationdemarie.org\/blog\/wp-json\/wp\/v2\/tags?post=5191"}],"curies":[{"name":"wp","href":"https:\/\/api.w.org\/{rel}","templated":true}]}}