{"id":513,"date":"2009-08-03T09:20:21","date_gmt":"2009-08-03T09:20:21","guid":{"rendered":"http:\/\/preprod.meltem-int.com\/marie\/blog\/?p=513"},"modified":"2009-08-03T09:20:21","modified_gmt":"2009-08-03T09:20:21","slug":"amour-et-paix","status":"publish","type":"post","link":"https:\/\/www.associationdemarie.org\/blog\/amour-et-paix\/","title":{"rendered":"Amour et Paix"},"content":{"rendered":"<p><a href=\"https:\/\/www.associationdemarie.org\/blog\/wp-content\/uploads\/2009\/08\/chaine.jpg\"><img loading=\"lazy\" decoding=\"async\" class=\"aligncenter size-medium wp-image-514\" title=\"chaine\" src=\"https:\/\/www.associationdemarie.org\/blog\/wp-content\/uploads\/2009\/08\/chaine-295x300.jpg\" alt=\"chaine\" width=\"295\" height=\"300\" srcset=\"https:\/\/www.associationdemarie.org\/blog\/wp-content\/uploads\/2009\/08\/chaine-295x300.jpg 295w, https:\/\/www.associationdemarie.org\/blog\/wp-content\/uploads\/2009\/08\/chaine.jpg 625w\" sizes=\"auto, (max-width: 295px) 100vw, 295px\" \/><\/a>\u00ab\u00a0Mes enfants, je suis Marie M\u00e8re des hommes, servante aupr\u00e8s du P\u00e8re Eternel afin que les hommes forment une seule cha\u00eene sur toute la surface de la terre et avec en chaque c\u0153ur les mots grav\u00e9s en or : Amour et Paix.\u00a0\u00bb<br \/>\nMarie M\u00e8re des hommes &#8211; juin 2006<\/p>\n","protected":false},"excerpt":{"rendered":"<p>\u00ab\u00a0Mes enfants, je suis Marie M\u00e8re des hommes, servante aupr\u00e8s du P\u00e8re Eternel afin que les hommes forment une seule cha\u00eene sur toute la surface de la terre et avec en chaque c\u0153ur les mots grav\u00e9s en or : Amour et Paix.\u00a0\u00bb Marie M\u00e8re des hommes &#8211; juin 2006<\/p>\n","protected":false},"author":2,"featured_media":0,"comment_status":"closed","ping_status":"closed","sticky":false,"template":"","format":"standard","meta":{"footnotes":""},"categories":[14,19],"tags":[62,194,236,757],"class_list":["post-513","post","type-post","status-publish","format-standard","hentry","category-groupe-prieres","category-messages","tag-amour","tag-chaine","tag-coeur","tag-paix"],"_links":{"self":[{"href":"https:\/\/www.associationdemarie.org\/blog\/wp-json\/wp\/v2\/posts\/513","targetHints":{"allow":["GET"]}}],"collection":[{"href":"https:\/\/www.associationdemarie.org\/blog\/wp-json\/wp\/v2\/posts"}],"about":[{"href":"https:\/\/www.associationdemarie.org\/blog\/wp-json\/wp\/v2\/types\/post"}],"author":[{"embeddable":true,"href":"https:\/\/www.associationdemarie.org\/blog\/wp-json\/wp\/v2\/users\/2"}],"replies":[{"embeddable":true,"href":"https:\/\/www.associationdemarie.org\/blog\/wp-json\/wp\/v2\/comments?post=513"}],"version-history":[{"count":0,"href":"https:\/\/www.associationdemarie.org\/blog\/wp-json\/wp\/v2\/posts\/513\/revisions"}],"wp:attachment":[{"href":"https:\/\/www.associationdemarie.org\/blog\/wp-json\/wp\/v2\/media?parent=513"}],"wp:term":[{"taxonomy":"category","embeddable":true,"href":"https:\/\/www.associationdemarie.org\/blog\/wp-json\/wp\/v2\/categories?post=513"},{"taxonomy":"post_tag","embeddable":true,"href":"https:\/\/www.associationdemarie.org\/blog\/wp-json\/wp\/v2\/tags?post=513"}],"curies":[{"name":"wp","href":"https:\/\/api.w.org\/{rel}","templated":true}]}}