{"id":5101,"date":"2012-03-03T01:36:55","date_gmt":"2012-03-03T01:36:55","guid":{"rendered":"http:\/\/preprod.meltem-int.com\/marie\/blog\/?p=5101"},"modified":"2012-03-03T01:36:55","modified_gmt":"2012-03-03T01:36:55","slug":"il-est-heureux-que-nous-soyons-ici","status":"publish","type":"post","link":"https:\/\/www.associationdemarie.org\/blog\/il-est-heureux-que-nous-soyons-ici\/","title":{"rendered":"\u00ab Il est heureux que nous soyons ici. \u00bb"},"content":{"rendered":"<p><a href=\"https:\/\/www.associationdemarie.org\/blog\/wp-content\/uploads\/2012\/02\/J\u00e9sus-Lumi\u00e8re-du-monde.jpeg\"><img loading=\"lazy\" decoding=\"async\" class=\"aligncenter size-medium wp-image-5102\" title=\"J\u00e9sus Lumi\u00e8re du monde\" src=\"https:\/\/www.associationdemarie.org\/blog\/wp-content\/uploads\/2012\/02\/J\u00e9sus-Lumi\u00e8re-du-monde-221x300.jpg\" alt=\"\" width=\"221\" height=\"300\" \/><\/a><\/p>\n<p>\u00ab\u00a0Son visage resplendit comme le soleil \u00bb (Mt 17,2)&#8230; Rev\u00eatue de la nu\u00e9e de la chair, aujourd&rsquo;hui la lumi\u00e8re qui \u00e9claire tout homme (Jn 1,9) a resplendi. Aujourd&rsquo;hui elle glorifie cette m\u00eame chair, elle la montre d\u00e9ifi\u00e9e aux ap\u00f4tres pour que les ap\u00f4tres la r\u00e9v\u00e8lent au monde. Et toi, cit\u00e9 bienheureuse, tu jouiras \u00e9ternellement de la contemplation de ce Soleil, quand tu \u00ab\u00a0descendras du ciel, par\u00e9e par Dieu comme l&rsquo;\u00e9pouse pour son \u00e9poux \u00bb (Ap 21,2). Jamais plus ce Soleil ne se couchera pour toi ; \u00e9ternellement lui-m\u00eame, il fera rayonner un matin \u00e9ternel. Ce Soleil ne sera plus jamais voil\u00e9 d&rsquo;aucun nuage, mais brillant sans cesse, il te r\u00e9jouira d&rsquo;une lumi\u00e8re sans d\u00e9clin. Ce Soleil n&rsquo;\u00e9blouira plus tes yeux mais te donnera la force de le regarder et t&rsquo;enchantera de sa splendeur divine&#8230; \u00ab\u00a0Il n&rsquo;y aura plus ni mort ni deuil, ni cri ni peine \u00bb (Ap 21,4) qui puisse assombrir l&rsquo;\u00e9clat que Dieu t&rsquo;a donn\u00e9 car, comme il a \u00e9t\u00e9 dit \u00e0 Jean\u00a0: \u00ab\u00a0L&rsquo;ancien monde s&rsquo;en est all\u00e9 \u00bb.<\/p>\n<p>Voil\u00e0 le Soleil dont parle le proph\u00e8te\u00a0: \u00ab\u00a0Tu n&rsquo;auras plus besoin du soleil pour t&rsquo;\u00e9clairer ni de la lune pour t&rsquo;illuminer, mais le Seigneur ton Dieu sera ta lumi\u00e8re pour toujours \u00bb (Is 60,19). Voil\u00e0 cette lumi\u00e8re \u00e9ternelle qui resplendit pour toi sur le visage du Seigneur. Tu entends la voix du Seigneur, tu contemples son visage resplendissant, et tu deviens comme le soleil. Car c&rsquo;est \u00e0 son visage qu&rsquo;on reconna\u00eet quelqu&rsquo;un, et le reconna\u00eetre, c&rsquo;est comme en \u00eatre illumin\u00e9. Ici-bas tu crois dans la foi ; l\u00e0 tu reconna\u00eetras. Ici tu saisis par l&rsquo;intelligence ; l\u00e0 tu seras saisie. Ici tu vois \u00ab\u00a0comme dans un miroir \u00bb ; l\u00e0 tu verras \u00ab\u00a0face \u00e0 face \u00bb (1Co 13,12)&#8230; Alors s&rsquo;accomplira ce d\u00e9sir du proph\u00e8te\u00a0: \u00ab\u00a0Qu&rsquo;il fasse resplendir sur nous son visage \u00bb (Ps 66,2)&#8230; Dans cette lumi\u00e8re tu te r\u00e9jouiras sans fin ; dans cette lumi\u00e8re, tu marcheras sans fatigue. Dans cette lumi\u00e8re, tu verras la lumi\u00e8re \u00e9ternelle.<\/p>\n<p>Pierre le V\u00e9n\u00e9rable (1092-1156), abb\u00e9 de Cluny<br \/>\n<em>Sermon 1 pour la Transfiguration ; PL 189, 959 (trad. cf Orval et Br\u00e9sard, 2000 ans B, p. 292)<\/em><\/p>\n<p><span style=\"color: #ffffff;\"><em>.<\/em><\/span><\/p>\n<p><span style=\"color: #ffffff;\"><em>.<\/em><\/span><\/p>\n","protected":false},"excerpt":{"rendered":"<p>\u00ab\u00a0Son visage resplendit comme le soleil \u00bb (Mt 17,2)&#8230; Rev\u00eatue de la nu\u00e9e de la chair, aujourd&rsquo;hui la lumi\u00e8re qui \u00e9claire tout homme (Jn 1,9) a resplendi. Aujourd&rsquo;hui elle glorifie cette m\u00eame chair, elle la montre d\u00e9ifi\u00e9e aux ap\u00f4tres pour que les ap\u00f4tres la r\u00e9v\u00e8lent au monde. Et toi, cit\u00e9 bienheureuse, tu jouiras \u00e9ternellement de [&hellip;]<\/p>\n","protected":false},"author":2,"featured_media":0,"comment_status":"closed","ping_status":"closed","sticky":false,"template":"","format":"standard","meta":{"footnotes":""},"categories":[3,10,13],"tags":[83,1382,600,848,992,1149],"class_list":["post-5101","post","type-post","status-publish","format-standard","hentry","category-liturgique","category-careme-2012","category-ecritures","tag-apotre","tag-ecritures","tag-lumiere","tag-psaume","tag-soleil","tag-transfiguration"],"_links":{"self":[{"href":"https:\/\/www.associationdemarie.org\/blog\/wp-json\/wp\/v2\/posts\/5101","targetHints":{"allow":["GET"]}}],"collection":[{"href":"https:\/\/www.associationdemarie.org\/blog\/wp-json\/wp\/v2\/posts"}],"about":[{"href":"https:\/\/www.associationdemarie.org\/blog\/wp-json\/wp\/v2\/types\/post"}],"author":[{"embeddable":true,"href":"https:\/\/www.associationdemarie.org\/blog\/wp-json\/wp\/v2\/users\/2"}],"replies":[{"embeddable":true,"href":"https:\/\/www.associationdemarie.org\/blog\/wp-json\/wp\/v2\/comments?post=5101"}],"version-history":[{"count":0,"href":"https:\/\/www.associationdemarie.org\/blog\/wp-json\/wp\/v2\/posts\/5101\/revisions"}],"wp:attachment":[{"href":"https:\/\/www.associationdemarie.org\/blog\/wp-json\/wp\/v2\/media?parent=5101"}],"wp:term":[{"taxonomy":"category","embeddable":true,"href":"https:\/\/www.associationdemarie.org\/blog\/wp-json\/wp\/v2\/categories?post=5101"},{"taxonomy":"post_tag","embeddable":true,"href":"https:\/\/www.associationdemarie.org\/blog\/wp-json\/wp\/v2\/tags?post=5101"}],"curies":[{"name":"wp","href":"https:\/\/api.w.org\/{rel}","templated":true}]}}