{"id":5094,"date":"2012-02-25T01:43:45","date_gmt":"2012-02-25T01:43:45","guid":{"rendered":"http:\/\/preprod.meltem-int.com\/marie\/blog\/?p=5094"},"modified":"2012-02-25T01:43:45","modified_gmt":"2012-02-25T01:43:45","slug":"innocence","status":"publish","type":"post","link":"https:\/\/www.associationdemarie.org\/blog\/innocence\/","title":{"rendered":"Innocence"},"content":{"rendered":"<p><a href=\"https:\/\/www.associationdemarie.org\/blog\/wp-content\/uploads\/2012\/02\/Enfant-et-lys.jpeg\"><img loading=\"lazy\" decoding=\"async\" class=\"size-full wp-image-5095 alignright\" title=\"Enfant et lys\" src=\"https:\/\/www.associationdemarie.org\/blog\/wp-content\/uploads\/2012\/02\/Enfant-et-lys.jpeg\" alt=\"\" width=\"194\" height=\"210\" \/><\/a>\u00ab\u00a0Mon bien-aim\u00e9 est descendu dans son jardin, au parterre des parfums, pour se rassasier au milieu des jardins et cueillir des lys\u2026 Lui, se rassasie parmi les lys\u00a0\u00bb, ce sont les paroles de Salomon de David dont je descends, Moi, Messie d\u2019Isra\u00ebl. Mon jardin! Quel jardin plus beau et plus digne de Dieu, du Ciel celui dont les fleurs sont les anges que Dieu a cr\u00e9\u00e9s? Et pourtant non. C\u2019est un autre jardin qu\u2019a voulu le Fils unique du P\u00e8re, le Fils de l\u2019homme, car pour l\u2019homme, je me suis rev\u00eatu de chair sans laquelle je ne pourrais racheter les fautes de la chair de l\u2019homme. Ce jardin aurait pu \u00eatre de peu inf\u00e9rieur au jardin du Ciel, si, du Paradis terrestre s\u2019\u00e9taient r\u00e9pandus, comme les douces abeilles au sortir d\u2019une ruche, les fils d\u2019Adam, les fils de Dieu, pour peupler la terre d\u2019un peuple de saints tout entier destin\u00e9 au Ciel. Mais l\u2019Ennemi a sem\u00e9 les ronces et les \u00e9pines au c\u0153ur d\u2019Adam, et de l\u00e0, ronces et \u00e9pines se sont r\u00e9pandues sur la terre. Ce n\u2019est plus un jardin, mais une for\u00eat sauvage et cruelle o\u00f9 r\u00e9side la fi\u00e8vre et o\u00f9 se niche le serpent. Mais pourtant le Bien-Aim\u00e9 du P\u00e8re a encore un jardin sur cette terre o\u00f9 r\u00e8gne Mammon. Le jardin o\u00f9 il va se rassasier de sa c\u00e9leste nourriture: amour et puret\u00e9; le parterre o\u00f9 il cueille les fleurs qui lui sont ch\u00e8res, o\u00f9 ne se trouvent pas les taches de la sensualit\u00e9, de la convoitise, de l\u2019orgueil. Ceux-ci. (J\u00e9sus caresse le plus de bambins qu\u2019il peut, passant la main sur la couronne des petites t\u00eates attentives, une unique caresse qui les effleure et les fait sourire de joie.) Voici mes lys. Salomon n\u2019eut pas, au milieu de ses richesses un v\u00eatement plus beau que le lys qui parfume la vall\u00e9e, ni de diad\u00e8me d\u2019une beaut\u00e9 plus immat\u00e9rielle et plus resplendissante que celle du lys en son calice au teint de perle. Et pourtant, pour mon c\u0153ur, il n\u2019y a pas de lys qui vaille un seul de ces tout petits. Il n\u2019y a pas de parterre, il n\u2019y a pas de jardin de riches, cultiv\u00e9 uniquement de lys, qui vaille autant qu\u2019un seul de ces purs, innocents, sinc\u00e8res et simples enfants.<\/p>\n<p><em>Correspondance de l&rsquo;\u00e9vangile selon St Marc, ch.2 dans \u00ab\u00a0l\u2019\u00c9vangile\u00a0tel qu&rsquo;il m&rsquo;a \u00e9t\u00e9 r\u00e9v\u00e9l\u00e9\u00a0\u00bb de Maria Valtorta : Tome 2, Ch 27, p 133<\/em><\/p>\n<p><span style=\"color: #ffffff;\"><em>.<\/em><\/span><\/p>\n<p><span style=\"color: #ffffff;\"><em>.<\/em><\/span><\/p>\n","protected":false},"excerpt":{"rendered":"<p>\u00ab\u00a0Mon bien-aim\u00e9 est descendu dans son jardin, au parterre des parfums, pour se rassasier au milieu des jardins et cueillir des lys\u2026 Lui, se rassasie parmi les lys\u00a0\u00bb, ce sont les paroles de Salomon de David dont je descends, Moi, Messie d\u2019Isra\u00ebl. Mon jardin! Quel jardin plus beau et plus digne de Dieu, du Ciel [&hellip;]<\/p>\n","protected":false},"author":2,"featured_media":0,"comment_status":"closed","ping_status":"closed","sticky":false,"template":"","format":"standard","meta":{"footnotes":""},"categories":[3,10,13,16],"tags":[40,269,516,604,634,948,1057],"class_list":["post-5094","post","type-post","status-publish","format-standard","hentry","category-liturgique","category-careme-2012","category-ecritures","category-jardins-de-la-bible","tag-adam","tag-creation","tag-jardin","tag-lys","tag-maria-valtorta","tag-salomon","tag-st-marc"],"_links":{"self":[{"href":"https:\/\/www.associationdemarie.org\/blog\/wp-json\/wp\/v2\/posts\/5094","targetHints":{"allow":["GET"]}}],"collection":[{"href":"https:\/\/www.associationdemarie.org\/blog\/wp-json\/wp\/v2\/posts"}],"about":[{"href":"https:\/\/www.associationdemarie.org\/blog\/wp-json\/wp\/v2\/types\/post"}],"author":[{"embeddable":true,"href":"https:\/\/www.associationdemarie.org\/blog\/wp-json\/wp\/v2\/users\/2"}],"replies":[{"embeddable":true,"href":"https:\/\/www.associationdemarie.org\/blog\/wp-json\/wp\/v2\/comments?post=5094"}],"version-history":[{"count":0,"href":"https:\/\/www.associationdemarie.org\/blog\/wp-json\/wp\/v2\/posts\/5094\/revisions"}],"wp:attachment":[{"href":"https:\/\/www.associationdemarie.org\/blog\/wp-json\/wp\/v2\/media?parent=5094"}],"wp:term":[{"taxonomy":"category","embeddable":true,"href":"https:\/\/www.associationdemarie.org\/blog\/wp-json\/wp\/v2\/categories?post=5094"},{"taxonomy":"post_tag","embeddable":true,"href":"https:\/\/www.associationdemarie.org\/blog\/wp-json\/wp\/v2\/tags?post=5094"}],"curies":[{"name":"wp","href":"https:\/\/api.w.org\/{rel}","templated":true}]}}