{"id":5077,"date":"2012-03-08T01:36:33","date_gmt":"2012-03-08T01:36:33","guid":{"rendered":"http:\/\/preprod.meltem-int.com\/marie\/blog\/?p=5077"},"modified":"2012-03-08T01:36:33","modified_gmt":"2012-03-08T01:36:33","slug":"celui-qui-demande-recoit","status":"publish","type":"post","link":"https:\/\/www.associationdemarie.org\/blog\/celui-qui-demande-recoit\/","title":{"rendered":"\u00ab Celui qui demande re\u00e7oit. \u00bb"},"content":{"rendered":"<p><a href=\"https:\/\/www.associationdemarie.org\/blog\/wp-content\/uploads\/2012\/02\/prier-pour-moi.jpg\"><img loading=\"lazy\" decoding=\"async\" class=\"aligncenter size-medium wp-image-5078\" title=\"prier pour moi\" src=\"https:\/\/www.associationdemarie.org\/blog\/wp-content\/uploads\/2012\/02\/prier-pour-moi-300x205.jpg\" alt=\"\" width=\"300\" height=\"205\" srcset=\"https:\/\/www.associationdemarie.org\/blog\/wp-content\/uploads\/2012\/02\/prier-pour-moi-300x205.jpg 300w, https:\/\/www.associationdemarie.org\/blog\/wp-content\/uploads\/2012\/02\/prier-pour-moi.jpg 504w\" sizes=\"auto, (max-width: 300px) 100vw, 300px\" \/><\/a><\/p>\n<p>C&rsquo;est une arme puissante que la pri\u00e8re, un tr\u00e9sor ind\u00e9fectible, une richesse intarissable, un port \u00e0 l&rsquo;abri des temp\u00eates, un r\u00e9servoir de calme ; la pri\u00e8re est la racine, la source et la m\u00e8re de biens innombrables&#8230; Mais la pri\u00e8re dont je parle n&rsquo;est ni m\u00e9diocre, ni n\u00e9gligente ; c&rsquo;est une pri\u00e8re ardente, jaillie de l&rsquo;affliction de l&rsquo;\u00e2me et de l&rsquo;effort de l&rsquo;esprit. Voil\u00e0 la pri\u00e8re qui monte jusqu&rsquo;au ciel&#8230; \u00c9coute ce que dit l&rsquo;\u00e9crivain sacr\u00e9 : \u00ab J&rsquo;ai cri\u00e9 vers le Seigneur quand j&rsquo;\u00e9tais dans l&rsquo;angoisse, et il m&rsquo;a exauc\u00e9 \u00bb (Ps 119,1). Celui qui prie ainsi dans son angoisse pourra, apr\u00e8s la pri\u00e8re, go\u00fbter en son \u00e2me une grande joie&#8230;.<\/p>\n<p>Par \u00ab pri\u00e8re \u00bb j&rsquo;entends non pas celle qui est seulement dans la bouche, mais celle qui jaillit du fond du c\u0153ur. Comme les arbres dont les racines s&rsquo;enfoncent profond\u00e9ment ne sont ni bris\u00e9s ni arrach\u00e9s, m\u00eame si les vents d\u00e9cha\u00eenent mille assauts contre eux, parce que leurs racines sont fortement enserr\u00e9es dans les profondeurs de la terre, de m\u00eame les pri\u00e8res qui sortent du fond du c\u0153ur, ainsi enracin\u00e9es, montent vers le ciel en toute s\u00fbret\u00e9 et ne sont d\u00e9tourn\u00e9es par aucune pens\u00e9e de manque d&rsquo;assurance ou de m\u00e9rite. C&rsquo;est pourquoi le psalmiste dit : \u00ab Des profondeurs j&rsquo;ai cri\u00e9 vers toi, Seigneur \u00bb (Ps 129,1)&#8230;<\/p>\n<p>Si le fait de raconter \u00e0 des hommes tes malheurs personnels et de leur d\u00e9crire les \u00e9preuves qui t&rsquo;ont frapp\u00e9 apporte quelque soulagement \u00e0 tes peines, comme si \u00e0 travers les paroles s&rsquo;exhalait une brise rafra\u00eechissante, \u00e0 combien plus forte raison si tu fais part \u00e0 ton Seigneur des souffrances de ton \u00e2me trouveras-tu en abondance consolation et r\u00e9confort ! En effet, souvent les hommes supportent difficilement ceux qui viennent se plaindre et pleurer aupr\u00e8s d&rsquo;eux ; ils les \u00e9cartent et les repoussent. Mais Dieu n&rsquo;agit pas ainsi ; au contraire il te fait approcher et t&rsquo;attire \u00e0 lui ; et m\u00eame si tu passes toute la journ\u00e9e \u00e0 lui exposer tes malheurs, il n&rsquo;en sera que mieux dispos\u00e9 \u00e0 t&rsquo;aimer et \u00e0 exaucer tes supplications.<\/p>\n<p>Saint Jean Chrysostome (v. 345-407), pr\u00eatre \u00e0 Antioche puis \u00e9v\u00eaque de Constantinople, docteur de l&rsquo;\u00c9glise<br \/>\n<em>Hom\u00e9lies sur l&rsquo;incompr\u00e9hensibilit\u00e9 de Dieu, n\u00b0 5 (trad. En Calcat)<\/em><\/p>\n<p><span style=\"color: #ffffff;\"><em>.<\/em><\/span><\/p>\n<p><span style=\"color: #ffffff;\"><em>.<\/em><\/span><\/p>\n","protected":false},"excerpt":{"rendered":"<p>C&rsquo;est une arme puissante que la pri\u00e8re, un tr\u00e9sor ind\u00e9fectible, une richesse intarissable, un port \u00e0 l&rsquo;abri des temp\u00eates, un r\u00e9servoir de calme ; la pri\u00e8re est la racine, la source et la m\u00e8re de biens innombrables&#8230; Mais la pri\u00e8re dont je parle n&rsquo;est ni m\u00e9diocre, ni n\u00e9gligente ; c&rsquo;est une pri\u00e8re ardente, jaillie de [&hellip;]<\/p>\n","protected":false},"author":2,"featured_media":0,"comment_status":"closed","ping_status":"closed","sticky":false,"template":"","format":"standard","meta":{"footnotes":""},"categories":[13,14,26,28],"tags":[1382,1388,848,967,1043],"class_list":["post-5077","post","type-post","status-publish","format-standard","hentry","category-ecritures","category-groupe-prieres","category-priere-des-ames","category-saints-et-saintes","tag-ecritures","tag-prieres","tag-psaume","tag-seigneur","tag-st-jean-chrysostome"],"_links":{"self":[{"href":"https:\/\/www.associationdemarie.org\/blog\/wp-json\/wp\/v2\/posts\/5077","targetHints":{"allow":["GET"]}}],"collection":[{"href":"https:\/\/www.associationdemarie.org\/blog\/wp-json\/wp\/v2\/posts"}],"about":[{"href":"https:\/\/www.associationdemarie.org\/blog\/wp-json\/wp\/v2\/types\/post"}],"author":[{"embeddable":true,"href":"https:\/\/www.associationdemarie.org\/blog\/wp-json\/wp\/v2\/users\/2"}],"replies":[{"embeddable":true,"href":"https:\/\/www.associationdemarie.org\/blog\/wp-json\/wp\/v2\/comments?post=5077"}],"version-history":[{"count":0,"href":"https:\/\/www.associationdemarie.org\/blog\/wp-json\/wp\/v2\/posts\/5077\/revisions"}],"wp:attachment":[{"href":"https:\/\/www.associationdemarie.org\/blog\/wp-json\/wp\/v2\/media?parent=5077"}],"wp:term":[{"taxonomy":"category","embeddable":true,"href":"https:\/\/www.associationdemarie.org\/blog\/wp-json\/wp\/v2\/categories?post=5077"},{"taxonomy":"post_tag","embeddable":true,"href":"https:\/\/www.associationdemarie.org\/blog\/wp-json\/wp\/v2\/tags?post=5077"}],"curies":[{"name":"wp","href":"https:\/\/api.w.org\/{rel}","templated":true}]}}