{"id":5049,"date":"2012-03-18T01:19:05","date_gmt":"2012-03-18T01:19:05","guid":{"rendered":"http:\/\/preprod.meltem-int.com\/marie\/blog\/?p=5049"},"modified":"2012-03-18T01:19:05","modified_gmt":"2012-03-18T01:19:05","slug":"3eme-dimanche-de-careme","status":"publish","type":"post","link":"https:\/\/www.associationdemarie.org\/blog\/3eme-dimanche-de-careme\/","title":{"rendered":"4\u00e8me DIMANCHE DE CAREME"},"content":{"rendered":"<p><strong>Le courage de la v\u00e9rit\u00e9<\/strong><\/p>\n<p>S\u00fbrs de l\u2019amour ind\u00e9fectible de Dieu pour l\u2019humanit\u00e9 et pour chacune et chacun d\u2019entre nous, nous sommes appel\u00e9s \u00e0 entrer dans la foi. Nous irons vers la vie et la lumi\u00e8re et nous pourrons faire la v\u00e9rit\u00e9.<\/p>\n<p><a href=\"https:\/\/www.associationdemarie.org\/blog\/wp-content\/uploads\/2012\/03\/Christ.jpg\"><img loading=\"lazy\" decoding=\"async\" class=\"alignright size-medium wp-image-5143\" title=\"Christ\" src=\"https:\/\/www.associationdemarie.org\/blog\/wp-content\/uploads\/2012\/03\/Christ-211x300.jpg\" alt=\"\" width=\"211\" height=\"300\" srcset=\"https:\/\/www.associationdemarie.org\/blog\/wp-content\/uploads\/2012\/03\/Christ-211x300.jpg 211w, https:\/\/www.associationdemarie.org\/blog\/wp-content\/uploads\/2012\/03\/Christ.jpg 240w\" sizes=\"auto, (max-width: 211px) 100vw, 211px\" \/><\/a>2 Chroniques 36, 14-16.19-23<\/p>\n<p>Psaume 136 (137)<\/p>\n<p>\u00c9ph\u00e9sien 2, 4-10<\/p>\n<p>Jean 3, 14-21<\/p>\n<p><span style=\"color: #ffffff;\">.<\/span><\/p>\n<p><span style=\"color: #ffffff;\">.<\/span><\/p>\n<p><span style=\"color: #ffffff;\">.<\/span><\/p>\n","protected":false},"excerpt":{"rendered":"<p>Le courage de la v\u00e9rit\u00e9 S\u00fbrs de l\u2019amour ind\u00e9fectible de Dieu pour l\u2019humanit\u00e9 et pour chacune et chacun d\u2019entre nous, nous sommes appel\u00e9s \u00e0 entrer dans la foi. Nous irons vers la vie et la lumi\u00e8re et nous pourrons faire la v\u00e9rit\u00e9. 2 Chroniques 36, 14-16.19-23 Psaume 136 (137) \u00c9ph\u00e9sien 2, 4-10 Jean 3, 14-21 [&hellip;]<\/p>\n","protected":false},"author":2,"featured_media":0,"comment_status":"closed","ping_status":"closed","sticky":false,"template":"","format":"standard","meta":{"footnotes":""},"categories":[3,10,13,28],"tags":[64,184,1382,934,1041],"class_list":["post-5049","post","type-post","status-publish","format-standard","hentry","category-liturgique","category-careme-2012","category-ecritures","category-saints-et-saintes","tag-amour-divin","tag-careme","tag-ecritures","tag-sainte-croix","tag-st-jean"],"_links":{"self":[{"href":"https:\/\/www.associationdemarie.org\/blog\/wp-json\/wp\/v2\/posts\/5049","targetHints":{"allow":["GET"]}}],"collection":[{"href":"https:\/\/www.associationdemarie.org\/blog\/wp-json\/wp\/v2\/posts"}],"about":[{"href":"https:\/\/www.associationdemarie.org\/blog\/wp-json\/wp\/v2\/types\/post"}],"author":[{"embeddable":true,"href":"https:\/\/www.associationdemarie.org\/blog\/wp-json\/wp\/v2\/users\/2"}],"replies":[{"embeddable":true,"href":"https:\/\/www.associationdemarie.org\/blog\/wp-json\/wp\/v2\/comments?post=5049"}],"version-history":[{"count":0,"href":"https:\/\/www.associationdemarie.org\/blog\/wp-json\/wp\/v2\/posts\/5049\/revisions"}],"wp:attachment":[{"href":"https:\/\/www.associationdemarie.org\/blog\/wp-json\/wp\/v2\/media?parent=5049"}],"wp:term":[{"taxonomy":"category","embeddable":true,"href":"https:\/\/www.associationdemarie.org\/blog\/wp-json\/wp\/v2\/categories?post=5049"},{"taxonomy":"post_tag","embeddable":true,"href":"https:\/\/www.associationdemarie.org\/blog\/wp-json\/wp\/v2\/tags?post=5049"}],"curies":[{"name":"wp","href":"https:\/\/api.w.org\/{rel}","templated":true}]}}