{"id":5042,"date":"2012-03-16T01:10:36","date_gmt":"2012-03-16T01:10:36","guid":{"rendered":"http:\/\/preprod.meltem-int.com\/marie\/blog\/?p=5042"},"modified":"2012-03-16T01:10:36","modified_gmt":"2012-03-16T01:10:36","slug":"penitence-2","status":"publish","type":"post","link":"https:\/\/www.associationdemarie.org\/blog\/penitence-2\/","title":{"rendered":"P\u00e9nitence"},"content":{"rendered":"<p><a href=\"https:\/\/www.associationdemarie.org\/blog\/wp-content\/uploads\/2012\/02\/Croix.gif\"><img loading=\"lazy\" decoding=\"async\" class=\"alignright size-medium wp-image-5043\" title=\"Croix\" src=\"https:\/\/www.associationdemarie.org\/blog\/wp-content\/uploads\/2012\/02\/Croix-206x300.gif\" alt=\"\" width=\"206\" height=\"300\" \/><\/a>\u00ab\u00a0Je vais vous demander une contribution \u00e0 vous, \u00e0 tous.<\/p>\n<p>Chaque vendredi de chaque semaine, \u00e0 9h30 pr\u00e9cises et jusqu&rsquo;\u00e0 10H00, pardon, 21h30 et 22h00, je vous demande tous ensemble de me consacrer une demi-heure de pri\u00e8re, une demi-heure pour tous ceux qui souffrent sur cette terre, pour tous ceux qui n&rsquo;ont pas le loisir de conna\u00eetre ce que vous connaissez aujourd&rsquo;hui, pour tous ceux qui vont subir tant de chose.<\/p>\n<p>Je veux que cette demi-heure, vous l&rsquo;apportiez \u00e0 tous sans distinction ni de couleur, ni de race, car tout \u00eatre humain est identique.<\/p>\n<p>A chacun d&rsquo;entre vous je vais demander aussi, je sais que certains ne le feront pas, mais je vous le demande. Je vais vous demander le Vendredi de faire p\u00e9nitence, je vous demanderai de prendre le pain et l&rsquo;eau lors du Vendredi. Mais vous ne le ferez pas pour J\u00e9sus, vous le ferez, pour tous vos fr\u00e8res qui ont faim. Je ne vous demande pas de faire les deux repas, simplement un. Pour ceux qui n&rsquo;auront pas la force de le faire, parce que je sais que beaucoup ne le feront pas, alors je leur demande seulement d&rsquo;avoir une pens\u00e9e et peut-\u00eatre d&rsquo;\u00e9viter une friandise, d&rsquo;\u00e9viter quelque chose de particulier qu&rsquo;ils aimeraient prendre ce jour-l\u00e0.\u00a0\u00bb<\/p>\n<p><em>Marie M\u00e8re des hommes &#8211; septembre 1994<\/em><\/p>\n<p>&nbsp;<\/p>\n","protected":false},"excerpt":{"rendered":"<p>\u00ab\u00a0Je vais vous demander une contribution \u00e0 vous, \u00e0 tous. Chaque vendredi de chaque semaine, \u00e0 9h30 pr\u00e9cises et jusqu&rsquo;\u00e0 10H00, pardon, 21h30 et 22h00, je vous demande tous ensemble de me consacrer une demi-heure de pri\u00e8re, une demi-heure pour tous ceux qui souffrent sur cette terre, pour tous ceux qui n&rsquo;ont pas le loisir [&hellip;]<\/p>\n","protected":false},"author":2,"featured_media":0,"comment_status":"closed","ping_status":"closed","sticky":false,"template":"","format":"standard","meta":{"footnotes":""},"categories":[10,19],"tags":[640,790,917,1176],"class_list":["post-5042","post","type-post","status-publish","format-standard","hentry","category-careme-2012","category-messages","tag-marie-mere-des-hommes","tag-penitence","tag-sacrifice","tag-vendredi"],"_links":{"self":[{"href":"https:\/\/www.associationdemarie.org\/blog\/wp-json\/wp\/v2\/posts\/5042","targetHints":{"allow":["GET"]}}],"collection":[{"href":"https:\/\/www.associationdemarie.org\/blog\/wp-json\/wp\/v2\/posts"}],"about":[{"href":"https:\/\/www.associationdemarie.org\/blog\/wp-json\/wp\/v2\/types\/post"}],"author":[{"embeddable":true,"href":"https:\/\/www.associationdemarie.org\/blog\/wp-json\/wp\/v2\/users\/2"}],"replies":[{"embeddable":true,"href":"https:\/\/www.associationdemarie.org\/blog\/wp-json\/wp\/v2\/comments?post=5042"}],"version-history":[{"count":0,"href":"https:\/\/www.associationdemarie.org\/blog\/wp-json\/wp\/v2\/posts\/5042\/revisions"}],"wp:attachment":[{"href":"https:\/\/www.associationdemarie.org\/blog\/wp-json\/wp\/v2\/media?parent=5042"}],"wp:term":[{"taxonomy":"category","embeddable":true,"href":"https:\/\/www.associationdemarie.org\/blog\/wp-json\/wp\/v2\/categories?post=5042"},{"taxonomy":"post_tag","embeddable":true,"href":"https:\/\/www.associationdemarie.org\/blog\/wp-json\/wp\/v2\/tags?post=5042"}],"curies":[{"name":"wp","href":"https:\/\/api.w.org\/{rel}","templated":true}]}}