{"id":5000,"date":"2012-03-01T01:14:25","date_gmt":"2012-03-01T01:14:25","guid":{"rendered":"http:\/\/preprod.meltem-int.com\/marie\/blog\/?p=5000"},"modified":"2012-03-01T01:14:25","modified_gmt":"2012-03-01T01:14:25","slug":"priere-10","status":"publish","type":"post","link":"https:\/\/www.associationdemarie.org\/blog\/priere-10\/","title":{"rendered":"Pri\u00e8re"},"content":{"rendered":"<p style=\"text-align: center;\">\n<figure id=\"attachment_5001\" aria-describedby=\"caption-attachment-5001\" style=\"width: 512px\" class=\"wp-caption aligncenter\"><a href=\"https:\/\/www.associationdemarie.org\/blog\/wp-content\/uploads\/2012\/02\/15-aout.jpg\"><img loading=\"lazy\" decoding=\"async\" class=\"size-full wp-image-5001 \" title=\"15 aout\" src=\"https:\/\/www.associationdemarie.org\/blog\/wp-content\/uploads\/2012\/02\/15-aout.jpg\" alt=\"\" width=\"512\" height=\"384\" srcset=\"https:\/\/www.associationdemarie.org\/blog\/wp-content\/uploads\/2012\/02\/15-aout.jpg 640w, https:\/\/www.associationdemarie.org\/blog\/wp-content\/uploads\/2012\/02\/15-aout-300x225.jpg 300w\" sizes=\"auto, (max-width: 512px) 100vw, 512px\" \/><\/a><figcaption id=\"caption-attachment-5001\" class=\"wp-caption-text\">Photo prise le 15 ao\u00fbt 2011 au Mas Dieu (Montarnaud 34)<\/figcaption><\/figure>\n<p>Mes enfants, priez, que vos pri\u00e8res soient adress\u00e9es \u00e0 la souffrance humaine, au repos des \u00e2mes, \u00e0 la r\u00e9unification des hommes et \u00e0 la Gloire du P\u00e8re Eternel.<\/p>\n<p>Merci, mes enfants, de me lire et de suivre les Paroles de mon Fils.<\/p>\n<p>Je suis Marie M\u00e8re des hommes, servante du Tr\u00e8s Haut pour que soit la r\u00e9alisation du plan Divin et afin de soutenir tous les hommes dans l\u2019\u00e9preuve de la connaissance, de l\u2019Amour et de la Paix.<\/p>\n<p>Merci.<\/p>\n<p>Marie M\u00e8re des hommes &#8211; janvier 2005<\/p>\n<p><span style=\"color: #ffffff;\">.<\/span><\/p>\n<p><span style=\"color: #ffffff;\">.<\/span><\/p>\n","protected":false},"excerpt":{"rendered":"<p>Mes enfants, priez, que vos pri\u00e8res soient adress\u00e9es \u00e0 la souffrance humaine, au repos des \u00e2mes, \u00e0 la r\u00e9unification des hommes et \u00e0 la Gloire du P\u00e8re Eternel. Merci, mes enfants, de me lire et de suivre les Paroles de mon Fils. Je suis Marie M\u00e8re des hommes, servante du Tr\u00e8s Haut pour que soit [&hellip;]<\/p>\n","protected":false},"author":2,"featured_media":0,"comment_status":"closed","ping_status":"closed","sticky":false,"template":"","format":"standard","meta":{"footnotes":""},"categories":[10,19],"tags":[640,668,830],"class_list":["post-5000","post","type-post","status-publish","format-standard","hentry","category-careme-2012","category-messages","tag-marie-mere-des-hommes","tag-message","tag-priere"],"_links":{"self":[{"href":"https:\/\/www.associationdemarie.org\/blog\/wp-json\/wp\/v2\/posts\/5000","targetHints":{"allow":["GET"]}}],"collection":[{"href":"https:\/\/www.associationdemarie.org\/blog\/wp-json\/wp\/v2\/posts"}],"about":[{"href":"https:\/\/www.associationdemarie.org\/blog\/wp-json\/wp\/v2\/types\/post"}],"author":[{"embeddable":true,"href":"https:\/\/www.associationdemarie.org\/blog\/wp-json\/wp\/v2\/users\/2"}],"replies":[{"embeddable":true,"href":"https:\/\/www.associationdemarie.org\/blog\/wp-json\/wp\/v2\/comments?post=5000"}],"version-history":[{"count":0,"href":"https:\/\/www.associationdemarie.org\/blog\/wp-json\/wp\/v2\/posts\/5000\/revisions"}],"wp:attachment":[{"href":"https:\/\/www.associationdemarie.org\/blog\/wp-json\/wp\/v2\/media?parent=5000"}],"wp:term":[{"taxonomy":"category","embeddable":true,"href":"https:\/\/www.associationdemarie.org\/blog\/wp-json\/wp\/v2\/categories?post=5000"},{"taxonomy":"post_tag","embeddable":true,"href":"https:\/\/www.associationdemarie.org\/blog\/wp-json\/wp\/v2\/tags?post=5000"}],"curies":[{"name":"wp","href":"https:\/\/api.w.org\/{rel}","templated":true}]}}