{"id":4993,"date":"2012-03-14T01:35:31","date_gmt":"2012-03-14T01:35:31","guid":{"rendered":"http:\/\/preprod.meltem-int.com\/marie\/blog\/?p=4993"},"modified":"2012-03-14T01:35:31","modified_gmt":"2012-03-14T01:35:31","slug":"rencontre-du-18-mars","status":"publish","type":"post","link":"https:\/\/www.associationdemarie.org\/blog\/rencontre-du-18-mars\/","title":{"rendered":"Rencontre du 18 mars"},"content":{"rendered":"<p><a href=\"https:\/\/www.associationdemarie.org\/blog\/wp-content\/uploads\/2012\/02\/priere.gif\"><img loading=\"lazy\" decoding=\"async\" class=\"alignright size-full wp-image-4994\" title=\"priere\" src=\"https:\/\/www.associationdemarie.org\/blog\/wp-content\/uploads\/2012\/02\/priere.gif\" alt=\"\" width=\"186\" height=\"256\" \/><\/a>Nous nous retrouverons \u00e0 Laurens \u00a0 \u00a0 \u00a0 \u00a0(26 bis chemin Baraques)<\/p>\n<p>pour la pri\u00e8re du Rosaire, \u00e0 14h.<\/p>\n<p>Pour ceux qui le peuvent et le veulent, nous assisterons \u00e0 la messe \u00e0 St Joseph de Montrouge \u00e0 11h.<\/p>\n<p>Nous pique niquerons sur place.<\/p>\n<p>&nbsp;<\/p>\n<p><em><strong>En vos rencontres physiques, vous venez chercher ma parole et mon soutien, le messager n\u2019est qu\u2019un lien. Soyez pr\u00e9sents, m\u00eame en son absence. Ne vous trompez pas dans votre jugement et votre \u00e9coute, soyez seulement pr\u00e9sents dans la pri\u00e8re et l\u2019\u00e9coute de ma parole.<\/strong><\/em><\/p>\n<p><em><strong>Soyez donc pr\u00e9sents \u00e0 tous vos regroupements de pri\u00e8res pour le bien de vous-m\u00eames et de vos fr\u00e8res. Soyez humbles et accordez votre \u00e9coute et votre parole \u00e0 enseigner l\u2019Amour et Paix.<\/strong><\/em><\/p>\n<p>Marie M\u00e8re des hommes &#8211; extraits du message de janvier 2012<\/p>\n<p><span style=\"color: #ffffff;\">.<\/span><\/p>\n<p><span style=\"color: #ffffff;\">.<\/span><\/p>\n<p>&nbsp;<\/p>\n","protected":false},"excerpt":{"rendered":"<p>Nous nous retrouverons \u00e0 Laurens \u00a0 \u00a0 \u00a0 \u00a0(26 bis chemin Baraques) pour la pri\u00e8re du Rosaire, \u00e0 14h. Pour ceux qui le peuvent et le veulent, nous assisterons \u00e0 la messe \u00e0 St Joseph de Montrouge \u00e0 11h. Nous pique niquerons sur place. &nbsp; En vos rencontres physiques, vous venez chercher ma parole et [&hellip;]<\/p>\n","protected":false},"author":2,"featured_media":0,"comment_status":"closed","ping_status":"closed","sticky":false,"template":"","format":"standard","meta":{"footnotes":""},"categories":[2,3,14],"tags":[39,671,881,902],"class_list":["post-4993","post","type-post","status-publish","format-standard","hentry","category-actualites","category-liturgique","category-groupe-prieres","tag-actualite","tag-messe","tag-rencontres","tag-rosaire"],"_links":{"self":[{"href":"https:\/\/www.associationdemarie.org\/blog\/wp-json\/wp\/v2\/posts\/4993","targetHints":{"allow":["GET"]}}],"collection":[{"href":"https:\/\/www.associationdemarie.org\/blog\/wp-json\/wp\/v2\/posts"}],"about":[{"href":"https:\/\/www.associationdemarie.org\/blog\/wp-json\/wp\/v2\/types\/post"}],"author":[{"embeddable":true,"href":"https:\/\/www.associationdemarie.org\/blog\/wp-json\/wp\/v2\/users\/2"}],"replies":[{"embeddable":true,"href":"https:\/\/www.associationdemarie.org\/blog\/wp-json\/wp\/v2\/comments?post=4993"}],"version-history":[{"count":0,"href":"https:\/\/www.associationdemarie.org\/blog\/wp-json\/wp\/v2\/posts\/4993\/revisions"}],"wp:attachment":[{"href":"https:\/\/www.associationdemarie.org\/blog\/wp-json\/wp\/v2\/media?parent=4993"}],"wp:term":[{"taxonomy":"category","embeddable":true,"href":"https:\/\/www.associationdemarie.org\/blog\/wp-json\/wp\/v2\/categories?post=4993"},{"taxonomy":"post_tag","embeddable":true,"href":"https:\/\/www.associationdemarie.org\/blog\/wp-json\/wp\/v2\/tags?post=4993"}],"curies":[{"name":"wp","href":"https:\/\/api.w.org\/{rel}","templated":true}]}}