{"id":4953,"date":"2012-02-15T01:23:03","date_gmt":"2012-02-15T01:23:03","guid":{"rendered":"http:\/\/preprod.meltem-int.com\/marie\/blog\/?p=4953"},"modified":"2012-02-15T01:23:03","modified_gmt":"2012-02-15T01:23:03","slug":"bonne-nouvelle","status":"publish","type":"post","link":"https:\/\/www.associationdemarie.org\/blog\/bonne-nouvelle\/","title":{"rendered":"Bonne Nouvelle"},"content":{"rendered":"<p><span style=\"font-family: Arial; font-size: x-small;\"><!--StartFragment--><span style=\"font-size: medium;\"><span style=\"font-family: 'Times New Roman';\"><em><strong>Le terme \u00ab\u00a0\u00e9vangile\u00a0\u00bb est une traduction de l&rsquo;expression grecque qui veut dire \u00ab\u00a0annoncer\u00a0\u00bb une bonne nouvelle.<\/strong><\/em><\/span><\/span><\/span><\/p>\n<p><em><strong> Les r\u00e9cits de la vie de J\u00e9sus sont devenus, tout naturellement, annonces de la Bonne Nouvelle, et leurs auteurs ont \u00e9t\u00e9 appel\u00e9s \u00e9vang\u00e9listes.<\/strong><\/em><\/p>\n<p><a href=\"https:\/\/www.associationdemarie.org\/blog\/wp-content\/uploads\/2012\/02\/J\u00e9sus.jpg\"><img loading=\"lazy\" decoding=\"async\" class=\"alignright size-full wp-image-4962\" title=\"J\u00e9sus\" src=\"https:\/\/www.associationdemarie.org\/blog\/wp-content\/uploads\/2012\/02\/J\u00e9sus.jpg\" alt=\"\" width=\"240\" height=\"257\" \/><\/a>Dans le Nouveau Testament, les Evangiles ne sont pas class\u00e9s dans l&rsquo;ordre chronologique probable de r\u00e9daction. Il semble assur\u00e9 que Marc soit le premier \u00e0 avoir r\u00e9dig\u00e9 la biographie de J\u00e9sus. Jean est certainement le dernier \u00e0 avoir \u00e9crit la sienne.<\/p>\n<p>Les Evangiles de Matthieu, de Marc et de Luc sont parfois appel\u00e9s Evangiles synoptiques parce qu&rsquo;ils peuvent \u00eatre \u00e9tudi\u00e9s ensemble, ayant des parties communes (synopse vient du grec synopsis).<\/p>\n<p>QUATRE REGARDS SUR JESUS<\/p>\n<p>Chaque \u00e9vang\u00e9liste a r\u00e9dig\u00e9 son texte en ayant au moins une intention pr\u00e9cise et sp\u00e9cifique. C&rsquo;est ce qui explique l&rsquo;angle d&rsquo;attaque pris par chacun en voulant pr\u00e9senter le m\u00eame personnage. Ces quatre biographes ont entendu, mais aussi per\u00e7u et interpr\u00e9t\u00e9 l&rsquo;histoire de J\u00e9sus \u00e0 leur mani\u00e8re. La personnalit\u00e9 de chacun transpire autant que le but recherch\u00e9, m\u00eame s&rsquo;il tente de relater, aussi pr\u00e9cis\u00e9ment que possible, le fruit de ses souvenirs ou de son travail. C&rsquo;est donc quatre regards, quatre lumi\u00e8res, quatre facettes du Christ que proposent les Evangiles.<\/p>\n<p>Deux des quatre \u00e9vang\u00e9listes sont des disciples de J\u00e9sus : Matthieu, et Jean sont en effet de la \u00ab\u00a0bande des Douze\u00a0\u00bb. Marc \u00e9tait sans doute un des proches du groupe sans \u00eatre d\u00e9sign\u00e9 comme disciple pour autant.<\/p>\n<p>Le lion, une des quatre cr\u00e9atures ail\u00e9es apparues au proph\u00e8te \u00c9z\u00e9chiel, \u00e9tait tenu pour le signe de l&rsquo;\u00e9vang\u00e9liste saint Marc.<\/p>\n<p><a href=\"https:\/\/www.associationdemarie.org\/blog\/wp-content\/uploads\/2012\/02\/Les-evangelistes.png\"><img loading=\"lazy\" decoding=\"async\" class=\"alignleft size-full wp-image-4958\" title=\"Les-evangelistes\" src=\"https:\/\/www.associationdemarie.org\/blog\/wp-content\/uploads\/2012\/02\/Les-evangelistes.png\" alt=\"\" width=\"209\" height=\"210\" srcset=\"https:\/\/www.associationdemarie.org\/blog\/wp-content\/uploads\/2012\/02\/Les-evangelistes.png 298w, https:\/\/www.associationdemarie.org\/blog\/wp-content\/uploads\/2012\/02\/Les-evangelistes-150x150.png 150w\" sizes=\"auto, (max-width: 209px) 100vw, 209px\" \/><\/a>Dans le livre des R\u00e9v\u00e9lations, le visionnaire voit, autour du tr\u00f4ne de Dieu, 4 cr\u00e9atures ail\u00e9es : un lion, un taureau, un homme et un aigle. Il est commun\u00e9ment admis qu\u2019ils repr\u00e9sentent les 4 Evangiles, ou les 4 Evang\u00e9listes. L\u2019homme repr\u00e9sente Matthieu, dont la narration commence avec la g\u00e9n\u00e9alogie humaine de J\u00e9sus ; le lion repr\u00e9sente Marc, dont la narration commence par Jean-Baptiste criant dans le d\u00e9sert (le Pr\u00e9curseur vit \u00ab\u00a0\u00e0 c\u00f4t\u00e9\u00a0\u00bb des lions et un lion rugit dans le d\u00e9sert) ; le taureau, animal de sacrifice, repr\u00e9sente Luc, dont la narration commence dans le Temple ; et l\u2019aigle repr\u00e9sente Jean, dont la narration commence au Ciel, avec le Verbe \u00e9ternel.<\/p>\n<p>\u201c&#8230;Je vis donc, et voici un vent de temp\u00eate qui venait de l&rsquo;Aquilon, et une grosse nu\u00e9e, et un feu s&rsquo;entortillant, et il y avait autour de la nu\u00e9e une splendeur&#8230; Et au milieu paraissait une ressemblance de quatre animaux ; et c&rsquo;\u00e9tait ici leur forme : ils avaient la ressemblance d&rsquo;un homme&#8230; Et chacun d&rsquo;eux avait quatre faces, et chacun quatre ailes&#8230; Et la ressemblance de leurs faces \u00e9tait la face d&rsquo;un homme, et la face d&rsquo;un lion, et la face d&rsquo;un b\u0153uf, et la face d&rsquo;un aigle&#8230; Et leur regard \u00e9tait comme des charbons de feu ardent, et comme qui verrait des lampes&#8230; &#8230;Et la parole de l&rsquo;Eternel me fut adress\u00e9e&#8230;\u201d (Ancien Testament). <!--EndFragment--><\/p>\n","protected":false},"excerpt":{"rendered":"<p>Le terme \u00ab\u00a0\u00e9vangile\u00a0\u00bb est une traduction de l&rsquo;expression grecque qui veut dire \u00ab\u00a0annoncer\u00a0\u00bb une bonne nouvelle. Les r\u00e9cits de la vie de J\u00e9sus sont devenus, tout naturellement, annonces de la Bonne Nouvelle, et leurs auteurs ont \u00e9t\u00e9 appel\u00e9s \u00e9vang\u00e9listes. Dans le Nouveau Testament, les Evangiles ne sont pas class\u00e9s dans l&rsquo;ordre chronologique probable de r\u00e9daction. [&hellip;]<\/p>\n","protected":false},"author":2,"featured_media":0,"comment_status":"closed","ping_status":"closed","sticky":false,"template":"","format":"standard","meta":{"footnotes":""},"categories":[13,28],"tags":[388,389,395,582,1057],"class_list":["post-4953","post","type-post","status-publish","format-standard","hentry","category-ecritures","category-saints-et-saintes","tag-evangeliste","tag-evangile","tag-ezechiel","tag-lion","tag-st-marc"],"_links":{"self":[{"href":"https:\/\/www.associationdemarie.org\/blog\/wp-json\/wp\/v2\/posts\/4953","targetHints":{"allow":["GET"]}}],"collection":[{"href":"https:\/\/www.associationdemarie.org\/blog\/wp-json\/wp\/v2\/posts"}],"about":[{"href":"https:\/\/www.associationdemarie.org\/blog\/wp-json\/wp\/v2\/types\/post"}],"author":[{"embeddable":true,"href":"https:\/\/www.associationdemarie.org\/blog\/wp-json\/wp\/v2\/users\/2"}],"replies":[{"embeddable":true,"href":"https:\/\/www.associationdemarie.org\/blog\/wp-json\/wp\/v2\/comments?post=4953"}],"version-history":[{"count":0,"href":"https:\/\/www.associationdemarie.org\/blog\/wp-json\/wp\/v2\/posts\/4953\/revisions"}],"wp:attachment":[{"href":"https:\/\/www.associationdemarie.org\/blog\/wp-json\/wp\/v2\/media?parent=4953"}],"wp:term":[{"taxonomy":"category","embeddable":true,"href":"https:\/\/www.associationdemarie.org\/blog\/wp-json\/wp\/v2\/categories?post=4953"},{"taxonomy":"post_tag","embeddable":true,"href":"https:\/\/www.associationdemarie.org\/blog\/wp-json\/wp\/v2\/tags?post=4953"}],"curies":[{"name":"wp","href":"https:\/\/api.w.org\/{rel}","templated":true}]}}