{"id":4916,"date":"2012-02-14T01:36:09","date_gmt":"2012-02-14T01:36:09","guid":{"rendered":"http:\/\/preprod.meltem-int.com\/marie\/blog\/?p=4916"},"modified":"2012-02-14T01:36:09","modified_gmt":"2012-02-14T01:36:09","slug":"fete-des-saints-cyrille-moine-et-methode-eveque-patrons-de-leurope","status":"publish","type":"post","link":"https:\/\/www.associationdemarie.org\/blog\/fete-des-saints-cyrille-moine-et-methode-eveque-patrons-de-leurope\/","title":{"rendered":"F\u00eate des saints Cyrille, moine, et Methode, \u00e9v\u00eaque, patrons de l&rsquo;Europe"},"content":{"rendered":"<p><strong><a href=\"https:\/\/www.associationdemarie.org\/blog\/wp-content\/uploads\/2012\/02\/St-Cyrille-et-St-Methode.jpg\"><img loading=\"lazy\" decoding=\"async\" class=\"alignright size-medium wp-image-4917\" title=\"St Cyrille et St Methode\" src=\"https:\/\/www.associationdemarie.org\/blog\/wp-content\/uploads\/2012\/02\/St-Cyrille-et-St-Methode-202x300.jpg\" alt=\"\" width=\"202\" height=\"300\" srcset=\"https:\/\/www.associationdemarie.org\/blog\/wp-content\/uploads\/2012\/02\/St-Cyrille-et-St-Methode-202x300.jpg 202w, https:\/\/www.associationdemarie.org\/blog\/wp-content\/uploads\/2012\/02\/St-Cyrille-et-St-Methode.jpg 400w\" sizes=\"auto, (max-width: 202px) 100vw, 202px\" \/><\/a>L&rsquo;Orient et l&rsquo;Occident, les deux poumons du corps de l&rsquo;\u00c9glise<\/strong><\/p>\n<p>Depuis le d\u00e9but de l&rsquo;\u00e8re apostolique, qui a sem\u00e9 l&rsquo;\u00c9vangile sur cette terre d&rsquo;Europe et l&rsquo;a irrigu\u00e9e par le sang des martyrs, s&rsquo;est d\u00e9velopp\u00e9 ce processus pluri-s\u00e9culaire, continu et f\u00e9cond, qui a impr\u00e9gn\u00e9 l&rsquo;Europe de la s\u00e8ve chr\u00e9tienne. Les saints patrons de l&rsquo;Europe, saint Beno\u00eet et les saints Cyrille et M\u00e9thode sont, de mani\u00e8re particuli\u00e8re, des t\u00e9moins de ce processus. Le charisme propre de leur \u0153uvre \u00e9vang\u00e9lisatrice consiste dans le fait qu&rsquo;ils ont pos\u00e9 des germes, qu&rsquo;ils ont fait na\u00eetre des formes et des styles d&rsquo;incarnation de l&rsquo;\u00c9vangile dans le tissu culturel et social et dans l&rsquo;esprit des peuples europ\u00e9ens qui \u00e9taient en train de se former&#8230; Ces saint patrons&#8230;restent aussi un mod\u00e8le et une inspiration actuels pour nous, parce que l&rsquo;\u0153uvre d&rsquo;\u00e9vang\u00e9lisation, dans la situation particuli\u00e8re o\u00f9 l&rsquo;Europe se trouve aujourd&rsquo;hui, est appel\u00e9e \u00e0 proposer une nouvelle synth\u00e8se cr\u00e9atrice entre \u00c9vangile et vie.<\/p>\n<p>Il faut \u00eatre conscient de l&rsquo;importance de greffer l&rsquo;\u00e9vang\u00e9lisation renouvel\u00e9e sur ces racines communes de l&rsquo;Europe&#8230; Ces racines chr\u00e9tiennes sont particuli\u00e8rement riches et inspiratrices, parce qu&rsquo;elles s&rsquo;appuient sur la m\u00eame foi, se r\u00e9f\u00e8rent \u00e0 la m\u00eame \u00c9glise indivise&#8230; D&rsquo;autre part, nous devons aussi consid\u00e9rer que ces racines communes sont doubles. Car elles ont pris la forme de deux courants de traditions chr\u00e9tiennes th\u00e9ologiques, liturgiques, asc\u00e9tiques, et de deux mod\u00e8les de culture, divers, non pas oppos\u00e9s mais au contraire compl\u00e9mentaires et qui s&rsquo;enrichissent mutuellement. Beno\u00eet a impr\u00e9gn\u00e9 la tradition chr\u00e9tienne et culturelle de l&rsquo;Occident de l&rsquo;esprit de la latinit\u00e9, plus logique et rationnel ; Cyrille et M\u00e9thode sont les repr\u00e9sentants de l&rsquo;antique culture grecque, plus intuitive et mystique, et sont v\u00e9n\u00e9r\u00e9s comme les p\u00e8res de la tradition des peuples slaves.<\/p>\n<p>Il nous appartient de recueillir l&rsquo;h\u00e9ritage de cette pens\u00e9e riche et compl\u00e9mentaire et de trouver les moyens et les m\u00e9thodes appropri\u00e9s pour son actualisation et une communication spirituelle plus intense entre l&rsquo;Orient et l&rsquo;Occident.<\/p>\n<p>Bienheureux Jean-Paul II<br \/>\n<em>Discours du 11\/10\/1985 au 6\u00e8me symposium des \u00e9v\u00eaques d&rsquo;Europe (trad. DC 1033)<\/em><\/p>\n<p><span style=\"color: #ffffff;\"><em>.<\/em><\/span><\/p>\n<p><span style=\"color: #ffffff;\"><em>.<\/em><\/span><\/p>\n<p>&nbsp;<\/p>\n","protected":false},"excerpt":{"rendered":"<p>L&rsquo;Orient et l&rsquo;Occident, les deux poumons du corps de l&rsquo;\u00c9glise Depuis le d\u00e9but de l&rsquo;\u00e8re apostolique, qui a sem\u00e9 l&rsquo;\u00c9vangile sur cette terre d&rsquo;Europe et l&rsquo;a irrigu\u00e9e par le sang des martyrs, s&rsquo;est d\u00e9velopp\u00e9 ce processus pluri-s\u00e9culaire, continu et f\u00e9cond, qui a impr\u00e9gn\u00e9 l&rsquo;Europe de la s\u00e8ve chr\u00e9tienne. Les saints patrons de l&rsquo;Europe, saint Beno\u00eet [&hellip;]<\/p>\n","protected":false},"author":2,"featured_media":0,"comment_status":"closed","ping_status":"closed","sticky":false,"template":"","format":"standard","meta":{"footnotes":""},"categories":[28],"tags":[158,336,389,728,741,1016,1025,1064],"class_list":["post-4916","post","type-post","status-publish","format-standard","hentry","category-saints-et-saintes","tag-bienheureux-jean-paul-2","tag-eglise","tag-evangile","tag-occident","tag-orient","tag-st-benoit","tag-st-cyrille","tag-st-methode"],"_links":{"self":[{"href":"https:\/\/www.associationdemarie.org\/blog\/wp-json\/wp\/v2\/posts\/4916","targetHints":{"allow":["GET"]}}],"collection":[{"href":"https:\/\/www.associationdemarie.org\/blog\/wp-json\/wp\/v2\/posts"}],"about":[{"href":"https:\/\/www.associationdemarie.org\/blog\/wp-json\/wp\/v2\/types\/post"}],"author":[{"embeddable":true,"href":"https:\/\/www.associationdemarie.org\/blog\/wp-json\/wp\/v2\/users\/2"}],"replies":[{"embeddable":true,"href":"https:\/\/www.associationdemarie.org\/blog\/wp-json\/wp\/v2\/comments?post=4916"}],"version-history":[{"count":0,"href":"https:\/\/www.associationdemarie.org\/blog\/wp-json\/wp\/v2\/posts\/4916\/revisions"}],"wp:attachment":[{"href":"https:\/\/www.associationdemarie.org\/blog\/wp-json\/wp\/v2\/media?parent=4916"}],"wp:term":[{"taxonomy":"category","embeddable":true,"href":"https:\/\/www.associationdemarie.org\/blog\/wp-json\/wp\/v2\/categories?post=4916"},{"taxonomy":"post_tag","embeddable":true,"href":"https:\/\/www.associationdemarie.org\/blog\/wp-json\/wp\/v2\/tags?post=4916"}],"curies":[{"name":"wp","href":"https:\/\/api.w.org\/{rel}","templated":true}]}}