{"id":490,"date":"2009-07-21T20:58:49","date_gmt":"2009-07-21T20:58:49","guid":{"rendered":"http:\/\/preprod.meltem-int.com\/marie\/blog\/?p=490"},"modified":"2009-07-21T20:58:49","modified_gmt":"2009-07-21T20:58:49","slug":"priere-vivante","status":"publish","type":"post","link":"https:\/\/www.associationdemarie.org\/blog\/priere-vivante\/","title":{"rendered":"Pri\u00e8re vivante"},"content":{"rendered":"<p style=\"font-family: Verdana, Arial, Helvetica, sans-serif; color: #404040; font-size: small; font-weight: normal; font-style: normal; text-transform: none; text-align: left; line-height: 19px; margin-bottom: 10px;\"><strong><em><span style=\"color: #cc0000;\"><a href=\"https:\/\/www.associationdemarie.org\/blog\/wp-content\/uploads\/2009\/07\/source.jpg\"><img loading=\"lazy\" decoding=\"async\" class=\"alignright size-medium wp-image-491\" title=\"source\" src=\"https:\/\/www.associationdemarie.org\/blog\/wp-content\/uploads\/2009\/07\/source-240x300.jpg\" alt=\"source\" width=\"240\" height=\"300\" srcset=\"https:\/\/www.associationdemarie.org\/blog\/wp-content\/uploads\/2009\/07\/source-240x300.jpg 240w, https:\/\/www.associationdemarie.org\/blog\/wp-content\/uploads\/2009\/07\/source.jpg 480w\" sizes=\"auto, (max-width: 240px) 100vw, 240px\" \/><\/a>\u00ab\u00a0<span><span><span><span><span style=\"font-size: 11pt;\"><span style=\"font-size: 11pt;\"><span style=\"font-family: 'Times New Roman';\">Offrez vos pri\u00e8res \u00e0 Dieu le P\u00e8re et \u00e0 mon Fils pour que Celui-ci interc\u00e8de toujours plus envers Son P\u00e8re. Priez, priez, priez sans jamais vous laisser aller \u00e0 la routine ; Dieu le P\u00e8re aspire \u00e0 des pri\u00e8res vivantes et chant\u00e9es afin qu\u2019elles touchent au plus profond de son c\u0153ur pour permettre une plus grande mis\u00e9ricorde et un plus grand pardon.\u00a0\u00bb<\/span><\/span><\/span><\/span><\/span><\/span><\/span><\/span><\/em><\/strong><\/p>\n<p style=\"font-family: Verdana, Arial, Helvetica, sans-serif; color: #404040; font-size: small; font-weight: normal; font-style: normal; text-transform: none; text-align: left; line-height: 19px; margin-bottom: 10px;\"><span><span><span><span style=\"color: #000000;\"><span><span style=\"font-size: 11pt;\"><span style=\"font-size: 11pt;\"><span style=\"font-family: 'times new roman', times, serif;\">Marie M\u00e8re des hommes<\/span> &#8211; <\/span><span style=\"font-size: 11pt;\"><span style=\"font-family: 'Times New Roman';\">janvier 96<\/span><\/span><\/span><\/span><\/span><\/span><\/span><\/span><\/p>\n","protected":false},"excerpt":{"rendered":"<p>\u00ab\u00a0Offrez vos pri\u00e8res \u00e0 Dieu le P\u00e8re et \u00e0 mon Fils pour que Celui-ci interc\u00e8de toujours plus envers Son P\u00e8re. Priez, priez, priez sans jamais vous laisser aller \u00e0 la routine ; Dieu le P\u00e8re aspire \u00e0 des pri\u00e8res vivantes et chant\u00e9es afin qu\u2019elles touchent au plus profond de son c\u0153ur pour permettre une plus [&hellip;]<\/p>\n","protected":false},"author":2,"featured_media":0,"comment_status":"closed","ping_status":"closed","sticky":false,"template":"","format":"standard","meta":{"footnotes":""},"categories":[14,19],"tags":[201,413,678,792,830,1184],"class_list":["post-490","post","type-post","status-publish","format-standard","hentry","category-groupe-prieres","category-messages","tag-chants","tag-fils","tag-misericorde","tag-pere","tag-priere","tag-vie"],"_links":{"self":[{"href":"https:\/\/www.associationdemarie.org\/blog\/wp-json\/wp\/v2\/posts\/490","targetHints":{"allow":["GET"]}}],"collection":[{"href":"https:\/\/www.associationdemarie.org\/blog\/wp-json\/wp\/v2\/posts"}],"about":[{"href":"https:\/\/www.associationdemarie.org\/blog\/wp-json\/wp\/v2\/types\/post"}],"author":[{"embeddable":true,"href":"https:\/\/www.associationdemarie.org\/blog\/wp-json\/wp\/v2\/users\/2"}],"replies":[{"embeddable":true,"href":"https:\/\/www.associationdemarie.org\/blog\/wp-json\/wp\/v2\/comments?post=490"}],"version-history":[{"count":0,"href":"https:\/\/www.associationdemarie.org\/blog\/wp-json\/wp\/v2\/posts\/490\/revisions"}],"wp:attachment":[{"href":"https:\/\/www.associationdemarie.org\/blog\/wp-json\/wp\/v2\/media?parent=490"}],"wp:term":[{"taxonomy":"category","embeddable":true,"href":"https:\/\/www.associationdemarie.org\/blog\/wp-json\/wp\/v2\/categories?post=490"},{"taxonomy":"post_tag","embeddable":true,"href":"https:\/\/www.associationdemarie.org\/blog\/wp-json\/wp\/v2\/tags?post=490"}],"curies":[{"name":"wp","href":"https:\/\/api.w.org\/{rel}","templated":true}]}}