{"id":4893,"date":"2012-02-26T01:03:04","date_gmt":"2012-02-26T01:03:04","guid":{"rendered":"http:\/\/preprod.meltem-int.com\/marie\/blog\/?p=4893"},"modified":"2012-02-26T01:03:04","modified_gmt":"2012-02-26T01:03:04","slug":"1er-dimanche-de-careme-b","status":"publish","type":"post","link":"https:\/\/www.associationdemarie.org\/blog\/1er-dimanche-de-careme-b\/","title":{"rendered":"1er DIMANCHE DE CAR\u00caME B"},"content":{"rendered":"<p><strong>Entrer en Car\u00eame, vraiment !<\/strong><\/p>\n<p>Pouss\u00e9 au d\u00e9sert par l\u2019Esprit, J\u00e9sus, par la pri\u00e8re, consolide ses liens avec son P\u00e8re avant d\u2019annoncer la bonne nouvelle du Royaume. Nous sommes appel\u00e9s par le m\u00eame Esprit, et en \u00c9glise, \u00e0 entrer en Car\u00eame pour intensifier notre relation avec Dieu et nous pr\u00e9parer aux f\u00eates pascales.<\/p>\n<p><a href=\"https:\/\/www.associationdemarie.org\/blog\/wp-content\/uploads\/2012\/01\/J\u00e9sus-au-d\u00e9sert.jpg\"><img loading=\"lazy\" decoding=\"async\" class=\"alignright size-medium wp-image-4894\" title=\"J\u00e9sus au d\u00e9sert\" src=\"https:\/\/www.associationdemarie.org\/blog\/wp-content\/uploads\/2012\/01\/J\u00e9sus-au-d\u00e9sert-300x185.jpg\" alt=\"\" width=\"300\" height=\"185\" srcset=\"https:\/\/www.associationdemarie.org\/blog\/wp-content\/uploads\/2012\/01\/J\u00e9sus-au-d\u00e9sert-300x185.jpg 300w, https:\/\/www.associationdemarie.org\/blog\/wp-content\/uploads\/2012\/01\/J\u00e9sus-au-d\u00e9sert.jpg 481w\" sizes=\"auto, (max-width: 300px) 100vw, 300px\" \/><\/a>Gen\u00e8se 9, 8-15<br \/>\nPsaume 24 (25)<br \/>\n1 Pierre 3, 18-22<br \/>\nMarc 1, 12-15<\/p>\n<p><span style=\"color: #ffffff;\">.<\/span><\/p>\n<p><span style=\"color: #ffffff;\">.<\/span><\/p>\n<p><span style=\"color: #000000;\"><strong>\u00c9vangile de J\u00e9sus-Christ selon saint Marc\u00a0<span dir=\"ltr\">1,12-15.<\/span> <\/strong><\/span><\/p>\n<p><span style=\"color: #000000;\"><strong><\/strong><br \/>\nJ\u00e9sus venait d&rsquo;\u00eatre baptis\u00e9. Aussit\u00f4t l&rsquo;Esprit le pousse au d\u00e9sert.<br \/>\nEt dans le d\u00e9sert il resta quarante jours, tent\u00e9 par Satan. Il vivait parmi les b\u00eates sauvages, et les anges le servaient.<br \/>\nApr\u00e8s l&rsquo;arrestation de Jean Baptiste, J\u00e9sus partit pour la Galil\u00e9e proclamer la Bonne Nouvelle de Dieu\u00a0; il disait\u00a0:<br \/>\n\u00ab\u00a0Les temps sont accomplis\u00a0: le r\u00e8gne de Dieu est tout proche. Convertissez-vous et croyez \u00e0 la Bonne Nouvelle.\u00a0\u00bb<\/span><\/p>\n<p><span style=\"color: #ffffff;\">.<\/span><\/p>\n<p><span style=\"color: #ffffff;\">.<\/span><\/p>\n<p><span style=\"color: #ffffff;\">.<\/span><\/p>\n<p><span style=\"color: #ffffff;\">.<\/span><\/p>\n","protected":false},"excerpt":{"rendered":"<p>Entrer en Car\u00eame, vraiment ! Pouss\u00e9 au d\u00e9sert par l\u2019Esprit, J\u00e9sus, par la pri\u00e8re, consolide ses liens avec son P\u00e8re avant d\u2019annoncer la bonne nouvelle du Royaume. Nous sommes appel\u00e9s par le m\u00eame Esprit, et en \u00c9glise, \u00e0 entrer en Car\u00eame pour intensifier notre relation avec Dieu et nous pr\u00e9parer aux f\u00eates pascales. Gen\u00e8se 9, [&hellip;]<\/p>\n","protected":false},"author":2,"featured_media":0,"comment_status":"closed","ping_status":"closed","sticky":false,"template":"","format":"standard","meta":{"footnotes":""},"categories":[10,13],"tags":[167,184,288,336,535,906,1057],"class_list":["post-4893","post","type-post","status-publish","format-standard","hentry","category-careme-2012","category-ecritures","tag-bonne-nouvelle","tag-careme","tag-desert","tag-eglise","tag-jesus","tag-royaume","tag-st-marc"],"_links":{"self":[{"href":"https:\/\/www.associationdemarie.org\/blog\/wp-json\/wp\/v2\/posts\/4893","targetHints":{"allow":["GET"]}}],"collection":[{"href":"https:\/\/www.associationdemarie.org\/blog\/wp-json\/wp\/v2\/posts"}],"about":[{"href":"https:\/\/www.associationdemarie.org\/blog\/wp-json\/wp\/v2\/types\/post"}],"author":[{"embeddable":true,"href":"https:\/\/www.associationdemarie.org\/blog\/wp-json\/wp\/v2\/users\/2"}],"replies":[{"embeddable":true,"href":"https:\/\/www.associationdemarie.org\/blog\/wp-json\/wp\/v2\/comments?post=4893"}],"version-history":[{"count":0,"href":"https:\/\/www.associationdemarie.org\/blog\/wp-json\/wp\/v2\/posts\/4893\/revisions"}],"wp:attachment":[{"href":"https:\/\/www.associationdemarie.org\/blog\/wp-json\/wp\/v2\/media?parent=4893"}],"wp:term":[{"taxonomy":"category","embeddable":true,"href":"https:\/\/www.associationdemarie.org\/blog\/wp-json\/wp\/v2\/categories?post=4893"},{"taxonomy":"post_tag","embeddable":true,"href":"https:\/\/www.associationdemarie.org\/blog\/wp-json\/wp\/v2\/tags?post=4893"}],"curies":[{"name":"wp","href":"https:\/\/api.w.org\/{rel}","templated":true}]}}