{"id":4889,"date":"2012-02-29T01:53:35","date_gmt":"2012-02-29T01:53:35","guid":{"rendered":"http:\/\/preprod.meltem-int.com\/marie\/blog\/?p=4889"},"modified":"2012-02-29T01:53:35","modified_gmt":"2012-02-29T01:53:35","slug":"intentions-de-priere-de-benoit-16","status":"publish","type":"post","link":"https:\/\/www.associationdemarie.org\/blog\/intentions-de-priere-de-benoit-16\/","title":{"rendered":"Intentions de pri\u00e8re de Beno\u00eet 16"},"content":{"rendered":"<p><a href=\"https:\/\/www.associationdemarie.org\/blog\/wp-content\/uploads\/2012\/01\/encens.jpg\"><img loading=\"lazy\" decoding=\"async\" class=\"aligncenter size-medium wp-image-4890\" title=\"encens\" src=\"https:\/\/www.associationdemarie.org\/blog\/wp-content\/uploads\/2012\/01\/encens-300x199.jpg\" alt=\"\" width=\"300\" height=\"199\" srcset=\"https:\/\/www.associationdemarie.org\/blog\/wp-content\/uploads\/2012\/01\/encens-300x199.jpg 300w, https:\/\/www.associationdemarie.org\/blog\/wp-content\/uploads\/2012\/01\/encens.jpg 640w\" sizes=\"auto, (max-width: 300px) 100vw, 300px\" \/><\/a><\/p>\n<p><strong>Universelle<\/strong> &#8211;\u00a0<strong>La contribution des femmes dans la soci\u00e9t\u00e9<\/strong><br \/>\nPour que la contribution des femmes au d\u00e9veloppement de la soci\u00e9t\u00e9 soit pleinement reconnue\u00a0dans le monde entier.<\/p>\n<p><strong>Missionnaire<\/strong> &#8211;\u00a0<strong>Les chr\u00e9tiens pers\u00e9cut\u00e9s<\/strong><br \/>\nPour que le Saint-Esprit accorde la pers\u00e9v\u00e9rance \u00e0 ceux qui, particuli\u00e8rement en Asie, sont discrimin\u00e9s, pers\u00e9cut\u00e9s et mis \u00e0 mort \u00e0 cause du nom du Christ.<\/p>\n<p><span style=\"color: #ffffff;\">.<\/span><\/p>\n<p><span style=\"color: #ffffff;\">.<\/span><\/p>\n","protected":false},"excerpt":{"rendered":"<p>Universelle &#8211;\u00a0La contribution des femmes dans la soci\u00e9t\u00e9 Pour que la contribution des femmes au d\u00e9veloppement de la soci\u00e9t\u00e9 soit pleinement reconnue\u00a0dans le monde entier. Missionnaire &#8211;\u00a0Les chr\u00e9tiens pers\u00e9cut\u00e9s Pour que le Saint-Esprit accorde la pers\u00e9v\u00e9rance \u00e0 ceux qui, particuli\u00e8rement en Asie, sont discrimin\u00e9s, pers\u00e9cut\u00e9s et mis \u00e0 mort \u00e0 cause du nom du Christ. [&hellip;]<\/p>\n","protected":false},"author":2,"featured_media":0,"comment_status":"closed","ping_status":"closed","sticky":false,"template":"","format":"standard","meta":{"footnotes":""},"categories":[2,14],"tags":[37,142,404,504,927],"class_list":["post-4889","post","type-post","status-publish","format-standard","hentry","category-actualites","category-groupe-prieres","tag-actes-anti-chretien","tag-benoit-16","tag-femmes","tag-intentions-de-priere","tag-saint-esprit"],"_links":{"self":[{"href":"https:\/\/www.associationdemarie.org\/blog\/wp-json\/wp\/v2\/posts\/4889","targetHints":{"allow":["GET"]}}],"collection":[{"href":"https:\/\/www.associationdemarie.org\/blog\/wp-json\/wp\/v2\/posts"}],"about":[{"href":"https:\/\/www.associationdemarie.org\/blog\/wp-json\/wp\/v2\/types\/post"}],"author":[{"embeddable":true,"href":"https:\/\/www.associationdemarie.org\/blog\/wp-json\/wp\/v2\/users\/2"}],"replies":[{"embeddable":true,"href":"https:\/\/www.associationdemarie.org\/blog\/wp-json\/wp\/v2\/comments?post=4889"}],"version-history":[{"count":0,"href":"https:\/\/www.associationdemarie.org\/blog\/wp-json\/wp\/v2\/posts\/4889\/revisions"}],"wp:attachment":[{"href":"https:\/\/www.associationdemarie.org\/blog\/wp-json\/wp\/v2\/media?parent=4889"}],"wp:term":[{"taxonomy":"category","embeddable":true,"href":"https:\/\/www.associationdemarie.org\/blog\/wp-json\/wp\/v2\/categories?post=4889"},{"taxonomy":"post_tag","embeddable":true,"href":"https:\/\/www.associationdemarie.org\/blog\/wp-json\/wp\/v2\/tags?post=4889"}],"curies":[{"name":"wp","href":"https:\/\/api.w.org\/{rel}","templated":true}]}}