{"id":4820,"date":"2012-02-05T01:41:13","date_gmt":"2012-02-05T01:41:13","guid":{"rendered":"http:\/\/preprod.meltem-int.com\/marie\/blog\/?p=4820"},"modified":"2012-02-05T01:41:13","modified_gmt":"2012-02-05T01:41:13","slug":"jesus-alla-dans-un-endroit-desert-et-la-il-priait","status":"publish","type":"post","link":"https:\/\/www.associationdemarie.org\/blog\/jesus-alla-dans-un-endroit-desert-et-la-il-priait\/","title":{"rendered":"\u00abJ\u00e9sus alla dans un endroit d\u00e9sert, et l\u00e0 il priait.\u00bb"},"content":{"rendered":"<p><a href=\"https:\/\/www.associationdemarie.org\/blog\/wp-content\/uploads\/2012\/01\/J\u00e9sus-en-pri\u00e8re.jpg\"><img loading=\"lazy\" decoding=\"async\" class=\"aligncenter size-medium wp-image-4821\" title=\"J\u00e9sus en pri\u00e8re\" src=\"https:\/\/www.associationdemarie.org\/blog\/wp-content\/uploads\/2012\/01\/J\u00e9sus-en-pri\u00e8re-300x120.jpg\" alt=\"\" width=\"300\" height=\"120\" srcset=\"https:\/\/www.associationdemarie.org\/blog\/wp-content\/uploads\/2012\/01\/J\u00e9sus-en-pri\u00e8re-300x120.jpg 300w, https:\/\/www.associationdemarie.org\/blog\/wp-content\/uploads\/2012\/01\/J\u00e9sus-en-pri\u00e8re.jpg 743w\" sizes=\"auto, (max-width: 300px) 100vw, 300px\" \/><\/a><\/p>\n<p>Quand le Fils de Dieu \u00ab leva les yeux au ciel et dit : &lsquo; P\u00e8re, glorifie ton Fils &lsquo; \u00bb (Jn 17,1), il nous a appris par cette action que nous devons \u00e9lever bien haut tous nos sens, nos mains, nos facult\u00e9s, notre \u00e2me, et prier en lui, avec lui et par lui. Voil\u00e0 l&rsquo;\u0153uvre la plus aimable et la plus sainte que le Fils de Dieu ait faite ici-bas : adorer son P\u00e8re bien-aim\u00e9. Mais ceci d\u00e9passe de beaucoup tout raisonnement, et nous ne pouvons en aucune fa\u00e7on y atteindre et le comprendre, si ce n&rsquo;est dans le Saint Esprit. Saint Augustin et saint Anselme nous disent de la pri\u00e8re qu&rsquo;elle est \u00ab une \u00e9l\u00e9vation de l&rsquo;\u00e2me vers Dieu \u00bb&#8230;<\/p>\n<p>Moi je ne te dis que ceci : d\u00e9gage-toi, en v\u00e9rit\u00e9, de toi-m\u00eame et de toutes choses cr\u00e9\u00e9es, et \u00e9l\u00e8ve pleinement ton \u00e2me \u00e0 Dieu au-dessus de toutes les cr\u00e9atures, dans l&rsquo;ab\u00eeme profond. L\u00e0, plonge ton esprit dans l&rsquo;esprit de Dieu, dans un v\u00e9ritable abandon&#8230;, dans une v\u00e9ritable union avec Dieu&#8230; L\u00e0, demande \u00e0 Dieu tout ce qu&rsquo;il veut qu&rsquo;on lui demande, ce que tu d\u00e9sires et ce que les hommes d\u00e9sirent de toi. Et tiens ceci pour certain : ce qu&rsquo;une pauvre petite pi\u00e8ce de monnaie est vis-\u00e0-vis de cent mille pi\u00e8ces d&rsquo;or, voil\u00e0 ce qu&rsquo;est toute pri\u00e8re ext\u00e9rieure vis-\u00e0-vis de cette pri\u00e8re qui est v\u00e9ritable union avec Dieu, cet \u00e9coulement et cette fusion de l&rsquo;esprit cr\u00e9\u00e9 dans l&rsquo;esprit incr\u00e9\u00e9 de Dieu&#8230;<\/p>\n<p>Si l&rsquo;on t&rsquo;a demand\u00e9 une pri\u00e8re, il est bon que tu la fasses de fa\u00e7on ext\u00e9rieure comme tu en as \u00e9t\u00e9 pri\u00e9 et comme tu l&rsquo;as promis. Mais, ce faisant, entra\u00eene ton \u00e2me vers les hauteurs et dans le d\u00e9sert int\u00e9rieur, pousse l\u00e0 tout ton troupeau comme Mo\u00efse (Ex\u00a0\u00a03,1)&#8230; \u00ab Les vrais adorateurs adoreront le P\u00e8re en esprit et en v\u00e9rit\u00e9 \u00bb (Jn 4,23). En cette pri\u00e8re int\u00e9rieure s&rsquo;ach\u00e8vent toutes les pratiques, toutes les formules et toutes les sortes de pri\u00e8re qui depuis Adam jusqu&rsquo;ici ont \u00e9t\u00e9 offertes et qui seront encore offertes jusqu&rsquo;au dernier jour. On m\u00e8ne tout cela \u00e0 sa perfection en un instant, dans ce recueillement v\u00e9ritable et essentiel.<\/p>\n<p>Jean Tauler (v. 1300-1361), dominicain \u00e0 Strasbourg<br \/>\n<em>Sermon 15, pour la veille des Rameaux (trad. Cerf 1991, p. 110 rev.)<\/em><\/p>\n<p><span style=\"color: #ffffff;\"><em>.<\/em><\/span><\/p>\n<p><span style=\"color: #ffffff;\"><em>.<\/em><\/span><\/p>\n","protected":false},"excerpt":{"rendered":"<p>Quand le Fils de Dieu \u00ab leva les yeux au ciel et dit : &lsquo; P\u00e8re, glorifie ton Fils &lsquo; \u00bb (Jn 17,1), il nous a appris par cette action que nous devons \u00e9lever bien haut tous nos sens, nos mains, nos facult\u00e9s, notre \u00e2me, et prier en lui, avec lui et par lui. Voil\u00e0 [&hellip;]<\/p>\n","protected":false},"author":2,"featured_media":0,"comment_status":"closed","ping_status":"closed","sticky":false,"template":"","format":"standard","meta":{"footnotes":""},"categories":[3,13,26,28],"tags":[60,288,394,526,535,683,830],"class_list":["post-4820","post","type-post","status-publish","format-standard","hentry","category-liturgique","category-ecritures","category-priere-des-ames","category-saints-et-saintes","tag-ames","tag-desert","tag-exode","tag-jean-tauler","tag-jesus","tag-moise","tag-priere"],"_links":{"self":[{"href":"https:\/\/www.associationdemarie.org\/blog\/wp-json\/wp\/v2\/posts\/4820","targetHints":{"allow":["GET"]}}],"collection":[{"href":"https:\/\/www.associationdemarie.org\/blog\/wp-json\/wp\/v2\/posts"}],"about":[{"href":"https:\/\/www.associationdemarie.org\/blog\/wp-json\/wp\/v2\/types\/post"}],"author":[{"embeddable":true,"href":"https:\/\/www.associationdemarie.org\/blog\/wp-json\/wp\/v2\/users\/2"}],"replies":[{"embeddable":true,"href":"https:\/\/www.associationdemarie.org\/blog\/wp-json\/wp\/v2\/comments?post=4820"}],"version-history":[{"count":0,"href":"https:\/\/www.associationdemarie.org\/blog\/wp-json\/wp\/v2\/posts\/4820\/revisions"}],"wp:attachment":[{"href":"https:\/\/www.associationdemarie.org\/blog\/wp-json\/wp\/v2\/media?parent=4820"}],"wp:term":[{"taxonomy":"category","embeddable":true,"href":"https:\/\/www.associationdemarie.org\/blog\/wp-json\/wp\/v2\/categories?post=4820"},{"taxonomy":"post_tag","embeddable":true,"href":"https:\/\/www.associationdemarie.org\/blog\/wp-json\/wp\/v2\/tags?post=4820"}],"curies":[{"name":"wp","href":"https:\/\/api.w.org\/{rel}","templated":true}]}}