{"id":480,"date":"2009-07-18T05:58:27","date_gmt":"2009-07-18T05:58:27","guid":{"rendered":"http:\/\/preprod.meltem-int.com\/marie\/blog\/?p=480"},"modified":"2009-07-18T05:58:27","modified_gmt":"2009-07-18T05:58:27","slug":"prier-diffuser-faire-connaitre-etudier","status":"publish","type":"post","link":"https:\/\/www.associationdemarie.org\/blog\/prier-diffuser-faire-connaitre-etudier\/","title":{"rendered":"Prier, diffuser, faire conna\u00eetre, \u00e9tudier&#8230;"},"content":{"rendered":"<p>Vous soutenez, par vos pri\u00e8res, l\u2019action de l\u2019association\u00a0\u00ab\u00a0la Maison de Marie d\u2019Ardouane\u00a0\u00bb.<\/p>\n<p>Notre association se d\u00e9veloppe tant au niveau national qu\u2019international\u00a0: le Burkina Faso, Madagascar, Canada, Belgique, Suisse, et les \u00eeles de la Guadeloupe et de la R\u00e9union.<\/p>\n<p><a href=\"https:\/\/www.associationdemarie.org\/blog\/wp-content\/uploads\/2009\/07\/ardouane.jpg\"><img loading=\"lazy\" decoding=\"async\" class=\"alignleft size-medium wp-image-481\" title=\"logo\" src=\"https:\/\/www.associationdemarie.org\/blog\/wp-content\/uploads\/2009\/07\/ardouane-300x171.jpg\" alt=\"logo\" width=\"300\" height=\"171\" srcset=\"https:\/\/www.associationdemarie.org\/blog\/wp-content\/uploads\/2009\/07\/ardouane-300x171.jpg 300w, https:\/\/www.associationdemarie.org\/blog\/wp-content\/uploads\/2009\/07\/ardouane.jpg 664w\" sizes=\"auto, (max-width: 300px) 100vw, 300px\" \/><\/a>Nous souhaitons d\u00e9velopper avec vous des groupes de rencontre\u00a0 spirituelle et solidaire.<\/p>\n<p>Aussi, nous vous proposons de vous entretenir pour \u00e9tudier les possibilit\u00e9s de mettre sur pied, dans votre localit\u00e9, ces groupes de rencontre.<\/p>\n<p>Si vous aviez l\u2019amabilit\u00e9 de transmettre votre num\u00e9ro de t\u00e9l\u00e9phone ou votre adresse E-mail pour nous permettre d\u2019entrer en relation avec vous.<\/p>\n<p>Voici nos coordonn\u00e9es\u00a0: le 04 66 01 39 74 ou le 06 13 06 47 22.<\/p>\n<p>Adresse E-mail\u00a0: lamaisonde.marie@free.fr<\/p>\n","protected":false},"excerpt":{"rendered":"<p>Vous soutenez, par vos pri\u00e8res, l\u2019action de l\u2019association\u00a0\u00ab\u00a0la Maison de Marie d\u2019Ardouane\u00a0\u00bb. Notre association se d\u00e9veloppe tant au niveau national qu\u2019international\u00a0: le Burkina Faso, Madagascar, Canada, Belgique, Suisse, et les \u00eeles de la Guadeloupe et de la R\u00e9union. Nous souhaitons d\u00e9velopper avec vous des groupes de rencontre\u00a0 spirituelle et solidaire. Aussi, nous vous proposons de [&hellip;]<\/p>\n","protected":false},"author":2,"featured_media":0,"comment_status":"closed","ping_status":"closed","sticky":false,"template":"","format":"standard","meta":{"footnotes":""},"categories":[2,14],"tags":[298,384,830],"class_list":["post-480","post","type-post","status-publish","format-standard","hentry","category-actualites","category-groupe-prieres","tag-diffusion","tag-etude","tag-priere"],"_links":{"self":[{"href":"https:\/\/www.associationdemarie.org\/blog\/wp-json\/wp\/v2\/posts\/480","targetHints":{"allow":["GET"]}}],"collection":[{"href":"https:\/\/www.associationdemarie.org\/blog\/wp-json\/wp\/v2\/posts"}],"about":[{"href":"https:\/\/www.associationdemarie.org\/blog\/wp-json\/wp\/v2\/types\/post"}],"author":[{"embeddable":true,"href":"https:\/\/www.associationdemarie.org\/blog\/wp-json\/wp\/v2\/users\/2"}],"replies":[{"embeddable":true,"href":"https:\/\/www.associationdemarie.org\/blog\/wp-json\/wp\/v2\/comments?post=480"}],"version-history":[{"count":0,"href":"https:\/\/www.associationdemarie.org\/blog\/wp-json\/wp\/v2\/posts\/480\/revisions"}],"wp:attachment":[{"href":"https:\/\/www.associationdemarie.org\/blog\/wp-json\/wp\/v2\/media?parent=480"}],"wp:term":[{"taxonomy":"category","embeddable":true,"href":"https:\/\/www.associationdemarie.org\/blog\/wp-json\/wp\/v2\/categories?post=480"},{"taxonomy":"post_tag","embeddable":true,"href":"https:\/\/www.associationdemarie.org\/blog\/wp-json\/wp\/v2\/tags?post=480"}],"curies":[{"name":"wp","href":"https:\/\/api.w.org\/{rel}","templated":true}]}}