{"id":4796,"date":"2012-01-29T01:25:24","date_gmt":"2012-01-29T01:25:24","guid":{"rendered":"http:\/\/preprod.meltem-int.com\/marie\/blog\/?p=4796"},"modified":"2012-01-29T01:25:24","modified_gmt":"2012-01-29T01:25:24","slug":"pour-prier-avec-levangile-de-saint-marc-1-21-28","status":"publish","type":"post","link":"https:\/\/www.associationdemarie.org\/blog\/pour-prier-avec-levangile-de-saint-marc-1-21-28\/","title":{"rendered":"Pour prier avec l&rsquo;\u00e9vangile de saint Marc 1, 21-28"},"content":{"rendered":"<p><span style=\"font-size: small;\"><span style=\"line-height: normal;\"><span style=\"font-size: large;\"><span style=\"font-family: 'Times New Roman';\"><!--StartFragment--><span style=\"font-size: medium;\"><span style=\"font-family: 'Times New Roman';\"><a href=\"https:\/\/www.associationdemarie.org\/blog\/wp-content\/uploads\/2012\/01\/St-Marc-1-21-28.jpg\"><img loading=\"lazy\" decoding=\"async\" class=\"alignright size-full wp-image-4801\" title=\"St Marc 1 21-28\" src=\"https:\/\/www.associationdemarie.org\/blog\/wp-content\/uploads\/2012\/01\/St-Marc-1-21-28.jpg\" alt=\"\" width=\"218\" height=\"300\" \/><\/a>J\u00e9sus, accompagn\u00e9 de ses disciples, arrive \u00e0 Capharna\u00fcm. Aussit\u00f4t, le jour du sabbat, il se rendit \u00e0 la synagogue, et l\u00e0, il enseignait. On \u00e9tait frapp\u00e9 par son enseignement, car il enseignait en homme qui a autorit\u00e9, et non pas comme les scribes. Or, il y avait dans leur synagogue un homme tourment\u00e9 par un esprit mauvais, qui se mit \u00e0 crier : \u00ab Que nous veux-tu, J\u00e9sus de Nazareth ? Es-tu venu pour nous perdre ? Je sais fort bien qui tu es : le Saint, le Saint de Dieu. \u00bb J\u00e9sus l&rsquo;interpella vivement : \u00ab Silence ! Sors de cet homme. \u00bb L&rsquo;esprit mauvais le secoua avec violence et sortit de lui en poussant un grand cri. Saisis de frayeur, tous s&rsquo;interrogeaient : \u00ab Qu&rsquo;est-ce que cela veut dire ? Voil\u00e0 un enseignement nouveau, proclam\u00e9 avec autorit\u00e9 ! Il commande m\u00eame aux esprits mauvais, et ils lui ob\u00e9issent. \u00bb D\u00e8s lors, sa renomm\u00e9e se r\u00e9pandit dans toute la r\u00e9gion de la Galil\u00e9e.<\/span><\/span><\/span><\/span><\/span><\/span><\/p>\n<p><span style=\"font-size: small;\"><span style=\"line-height: normal;\"><span style=\"font-size: large;\"><span style=\"font-family: 'Times New Roman';\"> <!--EndFragment--><br \/>\n<\/span><\/span><span style=\"color: #a41a34;\"><span style=\"font-family: 'Comic Sans MS';\">1. <strong>J\u00e9sus enseignait en homme qui a autorit\u00e9<\/strong>. <span style=\"text-decoration: underline;\">Je regarde<\/span>. J\u2019imagine ce qui se passe : la communaut\u00e9 s\u2019est r\u00e9unie tout enti\u00e8re dans la synagogue, le jour du Sabbat, au terme de la semaine. Elle se rend disponible pour \u00e9couter la Parole de Dieu. J\u00e9sus lit un extrait de la Torah et parle. Ce n\u2019est pas comme d\u2019habitude ! Cet homme vit et fait ce qu\u2019il proclame. Je me mets \u00e0 la place de ces gens et j\u2019\u00e9coute J\u00e9sus me parler.<\/span><\/span><\/span><\/span><\/p>\n<p><span style=\"font-size: small;\"><span style=\"line-height: normal;\"><span style=\"color: #a41a34;\"><span style=\"font-family: 'Comic Sans MS';\"><br \/>\n2. <strong>Es-tu venu pour nous perdre ?<\/strong> <span style=\"text-decoration: underline;\">J\u2019\u00e9coute<\/span>. D\u2019abord ce que dit l\u2019esprit mauvais qui habite l\u2019homme de la synagogue et qui craint pour lui et pour tous ceux qui lui ressemblent. Ce J\u00e9sus est une menace pour lui ! Et puis J\u00e9sus parle et sa parole comme un glaive tranche et agit. J\u2019\u00e9coute le cri de l\u2019esprit qui sort de l\u2019homme. Celui-ci est sauv\u00e9 ! J\u00e9sus est venu pour me sauver. Je rends gr\u00e2ce \u00e0 Dieu.<\/span><\/span><\/span><\/span><\/p>\n<p><span style=\"font-size: small;\"><span style=\"line-height: normal;\"><span style=\"color: #a41a34;\"><span style=\"font-family: 'Comic Sans MS';\"><br \/>\n3. <strong>Saisis de frayeur, tous s\u2019interrogeaient<\/strong>. <span style=\"text-decoration: underline;\">Je m\u2019interroge<\/span>. Est-ce que j\u2019ai peur en entendant la Parole de J\u00e9sus ? Est-ce que j\u2019ai peur devant son autorit\u00e9, devant ce qu\u2019il r\u00e9alise ? Finalement qui est ce J\u00e9sus pour moi ? Est-il vraiment \u00a0\u00bb le Saint de Dieu \u00ab\u00a0, comme dit l\u2019esprit mauvais ? Est-ce que je suis pr\u00eat \u00e0 \u00e9couter sa Parole et \u00e0 la mettre en pratique ? Je laisse J\u00e9sus me parler. Et je Lui parle.<\/span><\/span><\/span><\/span><\/p>\n<p><strong><span style=\"color: #a40000; font-family: 'Century Gothic'; font-size: medium;\">Eglise Saint-Ignace <\/span><\/strong><\/p>\n<p><span style=\"color: #a40000; font-family: 'Century Gothic'; font-size: x-small;\"><em>\u00e9glise des j\u00e9suites \u00e0 Paris<\/em><\/span><span style=\"color: #a40000; font-family: 'Century Gothic'; font-size: xx-small;\"> <\/span><\/p>\n<p><span style=\"color: #ffffff; font-family: 'Comic Sans MS'; font-size: small; line-height: normal;\">.<\/span><\/p>\n<p><span style=\"font-size: small; color: #ffffff;\"><span style=\"line-height: normal;\"><span style=\"font-family: 'Comic Sans MS';\">.<\/span><\/span><\/span><\/p>\n","protected":false},"excerpt":{"rendered":"<p>J\u00e9sus, accompagn\u00e9 de ses disciples, arrive \u00e0 Capharna\u00fcm. Aussit\u00f4t, le jour du sabbat, il se rendit \u00e0 la synagogue, et l\u00e0, il enseignait. On \u00e9tait frapp\u00e9 par son enseignement, car il enseignait en homme qui a autorit\u00e9, et non pas comme les scribes. Or, il y avait dans leur synagogue un homme tourment\u00e9 par un [&hellip;]<\/p>\n","protected":false},"author":2,"featured_media":0,"comment_status":"closed","ping_status":"closed","sticky":false,"template":"","format":"standard","meta":{"footnotes":""},"categories":[3,13,26],"tags":[183,1382,535,1057],"class_list":["post-4796","post","type-post","status-publish","format-standard","hentry","category-liturgique","category-ecritures","category-priere-des-ames","tag-capharnaum","tag-ecritures","tag-jesus","tag-st-marc"],"_links":{"self":[{"href":"https:\/\/www.associationdemarie.org\/blog\/wp-json\/wp\/v2\/posts\/4796","targetHints":{"allow":["GET"]}}],"collection":[{"href":"https:\/\/www.associationdemarie.org\/blog\/wp-json\/wp\/v2\/posts"}],"about":[{"href":"https:\/\/www.associationdemarie.org\/blog\/wp-json\/wp\/v2\/types\/post"}],"author":[{"embeddable":true,"href":"https:\/\/www.associationdemarie.org\/blog\/wp-json\/wp\/v2\/users\/2"}],"replies":[{"embeddable":true,"href":"https:\/\/www.associationdemarie.org\/blog\/wp-json\/wp\/v2\/comments?post=4796"}],"version-history":[{"count":0,"href":"https:\/\/www.associationdemarie.org\/blog\/wp-json\/wp\/v2\/posts\/4796\/revisions"}],"wp:attachment":[{"href":"https:\/\/www.associationdemarie.org\/blog\/wp-json\/wp\/v2\/media?parent=4796"}],"wp:term":[{"taxonomy":"category","embeddable":true,"href":"https:\/\/www.associationdemarie.org\/blog\/wp-json\/wp\/v2\/categories?post=4796"},{"taxonomy":"post_tag","embeddable":true,"href":"https:\/\/www.associationdemarie.org\/blog\/wp-json\/wp\/v2\/tags?post=4796"}],"curies":[{"name":"wp","href":"https:\/\/api.w.org\/{rel}","templated":true}]}}