{"id":4776,"date":"2012-01-25T01:55:46","date_gmt":"2012-01-25T01:55:46","guid":{"rendered":"http:\/\/preprod.meltem-int.com\/marie\/blog\/?p=4776"},"modified":"2012-01-25T01:55:46","modified_gmt":"2012-01-25T01:55:46","slug":"fete-de-la-conversion-de-st-paul-apotre","status":"publish","type":"post","link":"https:\/\/www.associationdemarie.org\/blog\/fete-de-la-conversion-de-st-paul-apotre\/","title":{"rendered":"F\u00eate de la conversion de St Paul, Ap\u00f4tre"},"content":{"rendered":"<p><strong>\u00ab Paul \u00e9tait en route et approchait de Damas ; une lumi\u00e8re venant de ciel l&rsquo;enveloppa soudain de sa clart\u00e9. \u00bb (Ac 9,3)<\/strong><\/p>\n<p><a href=\"https:\/\/www.associationdemarie.org\/blog\/wp-content\/uploads\/2012\/01\/conversion-of-saint-paul.jpg\"><img loading=\"lazy\" decoding=\"async\" class=\"alignright size-medium wp-image-4777\" title=\"conversion of saint paul\" src=\"https:\/\/www.associationdemarie.org\/blog\/wp-content\/uploads\/2012\/01\/conversion-of-saint-paul-274x300.jpg\" alt=\"\" width=\"274\" height=\"300\" srcset=\"https:\/\/www.associationdemarie.org\/blog\/wp-content\/uploads\/2012\/01\/conversion-of-saint-paul-274x300.jpg 274w, https:\/\/www.associationdemarie.org\/blog\/wp-content\/uploads\/2012\/01\/conversion-of-saint-paul.jpg 320w\" sizes=\"auto, (max-width: 274px) 100vw, 274px\" \/><\/a>Saul est envoy\u00e9 sur le chemin de Damas pour devenir aveugle, car s&rsquo;il est aveugl\u00e9, c&rsquo;est pour voir le vrai Chemin (Jn 14,6)&#8230; Il perd la vue corporelle, mais son c\u0153ur est illumin\u00e9 pour que la vraie lumi\u00e8re brille \u00e0 la fois aux yeux de son c\u0153ur et \u00e0 ceux de son corps&#8230; Il est envoy\u00e9 au-dedans de lui-m\u00eame, pour se chercher lui-m\u00eame. Il errait en sa propre compagnie, voyageur inconscient, et il ne se trouvait pas car int\u00e9rieurement il avait perdu le chemin.<\/p>\n<p>C&rsquo;est pourquoi il a entendu une voix qui lui disait&#8230; : \u00ab D\u00e9tourne tes pas du chemin de Saul, pour trouver la foi de Paul. Enl\u00e8ve la tunique de ton aveuglement et rev\u00eats-toi du Sauveur (Ga 3,27)&#8230; J&rsquo;ai voulu manifester dans ta chair l&rsquo;aveuglement de ton c\u0153ur, afin que tu puisses voir ce que tu ne voyais pas, et que tu ne sois pas semblable \u00e0 &lsquo; ceux qui ont des yeux et ne voient pas, des oreilles et n&rsquo;entendent pas &lsquo; (Ps 113,5-6). Que Saul s&rsquo;en retourne avec ses lettres inutiles (Ac 22,5), pour que Paul \u00e9crive ses \u00e9p\u00eetres si n\u00e9cessaires. Que Saul l&rsquo;aveugle disparaisse&#8230;pour que Paul devienne la lumi\u00e8re des croyants \u00bb&#8230;<\/p>\n<p>Paul, qui t&rsquo;a transform\u00e9 ainsi ? \u00ab Vous voulez savoir qui a fait cela ? Cet homme qu&rsquo;on appelle le Christ&#8230; Il a oint mes yeux et il m&rsquo;a dit : &lsquo; Va \u00e0 la piscine de Silo\u00e9, lave-toi, et vois &lsquo;. J&rsquo;y suis all\u00e9, je me suis lav\u00e9, et maintenant je vois (Jn 9,11). Pourquoi cet \u00e9tonnement ? Celui qui m&rsquo;a cr\u00e9\u00e9, voici qu&rsquo;il m&rsquo;a recr\u00e9\u00e9 ; avec la puissance dont il m&rsquo;a cr\u00e9\u00e9, maintenant il m&rsquo;a gu\u00e9ri ; moi j&rsquo;avais p\u00e9ch\u00e9, mais lui m&rsquo;a purifi\u00e9. \u00bb<\/p>\n<p>Viens donc, Paul, laisse-l\u00e0 le vieux Saul, bient\u00f4t tu vas voir Pierre aussi&#8230; Ananie, touche Saul et donne-nous Paul ; chasse au loin le pers\u00e9cuteur, envoie en mission le pr\u00e9dicateur : les agneaux n&rsquo;auront plus peur, les brebis du Christ seront dans la joie. Touche le loup qui poursuivait le Christ pour que maintenant, avec Pierre, il m\u00e8ne pa\u00eetre les brebis.<\/p>\n<p>Saint Fulgence de Ruspe (467-532), \u00e9v\u00eaque en Afrique du Nord<br \/>\n<em>Un sermon attribu\u00e9, n\u00b0 59 Appendice ; PL 65, 929 (trad. En Calcat)<\/em><\/p>\n<p><span style=\"color: #ffffff;\"><em>.<\/em><\/span><\/p>\n<p><span style=\"color: #ffffff;\"><em>.<\/em><\/span><\/p>\n","protected":false},"excerpt":{"rendered":"<p>\u00ab Paul \u00e9tait en route et approchait de Damas ; une lumi\u00e8re venant de ciel l&rsquo;enveloppa soudain de sa clart\u00e9. \u00bb (Ac 9,3) Saul est envoy\u00e9 sur le chemin de Damas pour devenir aveugle, car s&rsquo;il est aveugl\u00e9, c&rsquo;est pour voir le vrai Chemin (Jn 14,6)&#8230; Il perd la vue corporelle, mais son c\u0153ur est [&hellip;]<\/p>\n","protected":false},"author":2,"featured_media":0,"comment_status":"closed","ping_status":"closed","sticky":false,"template":"","format":"standard","meta":{"footnotes":""},"categories":[3,13,28],"tags":[83,261,280,848,963,1033,1041,1068,1071],"class_list":["post-4776","post","type-post","status-publish","format-standard","hentry","category-liturgique","category-ecritures","category-saints-et-saintes","tag-apotre","tag-conversion","tag-damas","tag-psaume","tag-saul","tag-st-fulgence-de-ruspe","tag-st-jean","tag-st-paul","tag-st-pierre"],"_links":{"self":[{"href":"https:\/\/www.associationdemarie.org\/blog\/wp-json\/wp\/v2\/posts\/4776","targetHints":{"allow":["GET"]}}],"collection":[{"href":"https:\/\/www.associationdemarie.org\/blog\/wp-json\/wp\/v2\/posts"}],"about":[{"href":"https:\/\/www.associationdemarie.org\/blog\/wp-json\/wp\/v2\/types\/post"}],"author":[{"embeddable":true,"href":"https:\/\/www.associationdemarie.org\/blog\/wp-json\/wp\/v2\/users\/2"}],"replies":[{"embeddable":true,"href":"https:\/\/www.associationdemarie.org\/blog\/wp-json\/wp\/v2\/comments?post=4776"}],"version-history":[{"count":0,"href":"https:\/\/www.associationdemarie.org\/blog\/wp-json\/wp\/v2\/posts\/4776\/revisions"}],"wp:attachment":[{"href":"https:\/\/www.associationdemarie.org\/blog\/wp-json\/wp\/v2\/media?parent=4776"}],"wp:term":[{"taxonomy":"category","embeddable":true,"href":"https:\/\/www.associationdemarie.org\/blog\/wp-json\/wp\/v2\/categories?post=4776"},{"taxonomy":"post_tag","embeddable":true,"href":"https:\/\/www.associationdemarie.org\/blog\/wp-json\/wp\/v2\/tags?post=4776"}],"curies":[{"name":"wp","href":"https:\/\/api.w.org\/{rel}","templated":true}]}}