{"id":4735,"date":"2012-01-18T01:13:23","date_gmt":"2012-01-18T01:13:23","guid":{"rendered":"http:\/\/preprod.meltem-int.com\/marie\/blog\/?p=4735"},"modified":"2012-01-18T01:13:23","modified_gmt":"2012-01-18T01:13:23","slug":"semaine-de-priere-pour-lunite-des-chretiens-2","status":"publish","type":"post","link":"https:\/\/www.associationdemarie.org\/blog\/semaine-de-priere-pour-lunite-des-chretiens-2\/","title":{"rendered":"semaine de pri\u00e8re pour l&rsquo;unit\u00e9 des chr\u00e9tiens"},"content":{"rendered":"<h2><strong>TOUS, NOUS SERONS TRANSFORM\u00c9S &#8230; PAR LA VICTOIRE DE NOTRE SEIGNEUR J\u00c9SUS-CHRIST<\/strong><\/h2>\n<p><a href=\"https:\/\/www.associationdemarie.org\/blog\/wp-content\/uploads\/2012\/01\/visuel-semaine-unite-2012.gif.png\"><img loading=\"lazy\" decoding=\"async\" class=\"alignleft size-full wp-image-4738\" title=\"visuel-semaine-unite-2012.gif\" src=\"https:\/\/www.associationdemarie.org\/blog\/wp-content\/uploads\/2012\/01\/visuel-semaine-unite-2012.gif.png\" alt=\"\" width=\"169\" height=\"301\" srcset=\"https:\/\/www.associationdemarie.org\/blog\/wp-content\/uploads\/2012\/01\/visuel-semaine-unite-2012.gif.png 574w, https:\/\/www.associationdemarie.org\/blog\/wp-content\/uploads\/2012\/01\/visuel-semaine-unite-2012.gif-168x300.png 168w\" sizes=\"auto, (max-width: 169px) 100vw, 169px\" \/><\/a>Les pri\u00e8res de la semaine 2012 ont \u00e9t\u00e9 pr\u00e9par\u00e9es par les \u00c9glises pr\u00e9sentes en Pologne, elles ont choisi comme th\u00e8me une phrase extraite du passage de la premi\u00e8re \u00e9p\u00eetre de Paul aux Corinthiens (15, 51-58)\u00a0: \u00ab\u00a0<strong>Tous, nous serons transform\u00e9s \u2026 par la victoire de notre Seigneur J\u00e9sus-Christ.\u00a0\u00bb <\/strong>L\u2019histoire particuli\u00e8re de la nation polonaise a fait r\u00e9fl\u00e9chir plus profond\u00e9ment ces chr\u00e9tiens sur les concepts de \u201cgagner\u201d et de \u201cperdre\u201d, et finalement sur la r\u00e9surrection comme victoire d\u00e9finitive et totale sur la mort.<\/p>\n<p>L\u2019ap\u00f4tre Paul exprimela r\u00e9surrection en termes de transformation de nos corps, \u201ccorps anim\u00e9s\u201d appel\u00e9s \u00e0 devenir \u201ccorps spirituels\u201d. Mais cette transformation concerne \u00e9galement certaines formes de vie eccl\u00e9siale dont nous sommes familiers. C\u2019est en priant et en \u0153uvrant pour la pleine unit\u00e9 visible de l\u2019\u00c9glise que nous serons nous-m\u00eames \u2013 ainsi que les traditions auxquelles nous appartenons \u2013 chang\u00e9s, transform\u00e9s et rendus semblables au Christ.<\/p>\n<p>Au cours de la Semaine de pri\u00e8re 2012, nous sommes invit\u00e9s \u00e0 croire toujours davantage que tous, nous serons transform\u00e9s par la victoire de notre Seigneur J\u00e9sus Christ. Les lectures bibliques, les commentaires et les pri\u00e8res explorent diff\u00e9rents aspects de ce que cela signifie pour la vie des chr\u00e9tiens et pour leur unit\u00e9, dans et pour le monde d\u2019aujourd\u2019hui. Nous commen\u00e7ons par contempler le Christ serviteur, et notre cheminement se poursuit jusqu\u2019\u00e0 la derni\u00e8re c\u00e9l\u00e9bration, celle du R\u00e8gne du Christ, en passant par sa croix et sa r\u00e9surrection.<\/p>\n<p>Le visuel \u00e9labor\u00e9 par Unit\u00e9 Chr\u00e9tienne pour cette semaine de pri\u00e8re 2012 a \u00e9t\u00e9 r\u00e9alis\u00e9 \u00e0 partir d\u2019une fresque de la chapelle orthodoxe de l\u2019atelier St Jean Damasc\u00e8ne (St Jean en Royans, Dr\u00f4me, France).<\/p>\n<p>&nbsp;<\/p>\n","protected":false},"excerpt":{"rendered":"<p>TOUS, NOUS SERONS TRANSFORM\u00c9S &#8230; PAR LA VICTOIRE DE NOTRE SEIGNEUR J\u00c9SUS-CHRIST Les pri\u00e8res de la semaine 2012 ont \u00e9t\u00e9 pr\u00e9par\u00e9es par les \u00c9glises pr\u00e9sentes en Pologne, elles ont choisi comme th\u00e8me une phrase extraite du passage de la premi\u00e8re \u00e9p\u00eetre de Paul aux Corinthiens (15, 51-58)\u00a0: \u00ab\u00a0Tous, nous serons transform\u00e9s \u2026 par la victoire [&hellip;]<\/p>\n","protected":false},"author":2,"featured_media":0,"comment_status":"closed","ping_status":"closed","sticky":false,"template":"","format":"standard","meta":{"footnotes":""},"categories":[2,3,14],"tags":[218,220,830,1068,1166,1168],"class_list":["post-4735","post","type-post","status-publish","format-standard","hentry","category-actualites","category-liturgique","category-groupe-prieres","tag-chretiens","tag-christ","tag-priere","tag-st-paul","tag-union","tag-unite"],"_links":{"self":[{"href":"https:\/\/www.associationdemarie.org\/blog\/wp-json\/wp\/v2\/posts\/4735","targetHints":{"allow":["GET"]}}],"collection":[{"href":"https:\/\/www.associationdemarie.org\/blog\/wp-json\/wp\/v2\/posts"}],"about":[{"href":"https:\/\/www.associationdemarie.org\/blog\/wp-json\/wp\/v2\/types\/post"}],"author":[{"embeddable":true,"href":"https:\/\/www.associationdemarie.org\/blog\/wp-json\/wp\/v2\/users\/2"}],"replies":[{"embeddable":true,"href":"https:\/\/www.associationdemarie.org\/blog\/wp-json\/wp\/v2\/comments?post=4735"}],"version-history":[{"count":0,"href":"https:\/\/www.associationdemarie.org\/blog\/wp-json\/wp\/v2\/posts\/4735\/revisions"}],"wp:attachment":[{"href":"https:\/\/www.associationdemarie.org\/blog\/wp-json\/wp\/v2\/media?parent=4735"}],"wp:term":[{"taxonomy":"category","embeddable":true,"href":"https:\/\/www.associationdemarie.org\/blog\/wp-json\/wp\/v2\/categories?post=4735"},{"taxonomy":"post_tag","embeddable":true,"href":"https:\/\/www.associationdemarie.org\/blog\/wp-json\/wp\/v2\/tags?post=4735"}],"curies":[{"name":"wp","href":"https:\/\/api.w.org\/{rel}","templated":true}]}}